{"id":8796,"date":"2024-05-31T14:24:47","date_gmt":"2024-05-31T12:24:47","guid":{"rendered":"https:\/\/amaresidencesandalucia.com\/?p=8796"},"modified":"2024-06-03T08:23:26","modified_gmt":"2024-06-03T06:23:26","slug":"slow-living-en-ama-residences-andalucia","status":"publish","type":"post","link":"https:\/\/amaresidencesandalucia.com\/es\/slow-living-en-ama-residences-andalucia\/","title":{"rendered":"Slow living en AMA Residences Andaluc\u00eda"},"content":{"rendered":"<p><div class=\"fusion-fullwidth fullwidth-box fusion-builder-row-1 nonhundred-percent-fullwidth non-hundred-percent-height-scrolling\" style=\"--awb-border-radius-top-left:0px;--awb-border-radius-top-right:0px;--awb-border-radius-bottom-right:0px;--awb-border-radius-bottom-left:0px;--awb-padding-top:10%;--awb-flex-wrap:wrap;\" ><div class=\"fusion-builder-row fusion-row\"><div class=\"fusion-layout-column fusion_builder_column fusion-builder-column-0 fusion_builder_column_1_1 1_1 fusion-one-full fusion-column-first fusion-column-last fusion-column-no-min-height\" style=\"--awb-bg-size:cover;\"><div class=\"fusion-column-wrapper fusion-column-has-shadow fusion-flex-column-wrapper-legacy\"><div class=\"fusion-column-content-centered\"><div class=\"fusion-column-content\"><div class=\"fusion-text fusion-text-1\"><h1><b>Slow living en AMA Residences Andaluc\u00eda<\/b><\/h1>\n<\/div><div class=\"fusion-sep-clear\"><\/div><div class=\"fusion-separator fusion-full-width-sep\" style=\"margin-left: auto;margin-right: auto;margin-bottom:2%;width:100%;\"><\/div><div class=\"fusion-sep-clear\"><\/div><\/div><\/div><div class=\"fusion-clearfix\"><\/div><\/div><\/div><div class=\"fusion-layout-column fusion_builder_column fusion-builder-column-1 fusion_builder_column_1_1 1_1 fusion-one-full fusion-column-first fusion-column-last\" style=\"--awb-bg-size:cover;\"><div class=\"fusion-column-wrapper fusion-column-has-shadow fusion-flex-column-wrapper-legacy\"><div class=\"fusion-text fusion-text-2\"><p><span style=\"font-weight: 400;\">AMA Residences Andaluc\u00eda aboga por una forma de vida m\u00e1s sencilla y sin complicaciones: el \u00abslow living\u00bb.\u00a0<\/span><\/p>\n<p><span style=\"font-weight: 400;\">Nuestras instalaciones de primera categor\u00eda, su inmejorable ubicaci\u00f3n, la conexi\u00f3n con la naturaleza, el contacto con otros residentes y la proximidad a los encantadores pueblos que nos rodean con sus tradiciones hacen de AMA un lugar ideal para cultivar un estilo de vida que ha ido creciendo en popularidad desde que comenz\u00f3 en Italia en los a\u00f1os 80.<\/span><\/p>\n<\/div><div class=\"fusion-image-element in-legacy-container\" style=\"--awb-caption-title-font-family:var(--h2_typography-font-family);--awb-caption-title-font-weight:var(--h2_typography-font-weight);--awb-caption-title-font-style:var(--h2_typography-font-style);--awb-caption-title-size:var(--h2_typography-font-size);--awb-caption-title-transform:var(--h2_typography-text-transform);--awb-caption-title-line-height:var(--h2_typography-line-height);--awb-caption-title-letter-spacing:var(--h2_typography-letter-spacing);\"><span class=\" fusion-imageframe imageframe-none imageframe-1 hover-type-none\"><img decoding=\"async\" width=\"2560\" height=\"1707\" title=\"AMA Residences &#8211; Un di\u0301a en AMA-60-min\" src=\"https:\/\/amaresidencesandalucia.com\/wp-content\/uploads\/2024\/05\/AMA-Residences-Un-dia-en-AMA-60-min-scaled.jpg\" alt class=\"img-responsive wp-image-8619\" srcset=\"https:\/\/amaresidencesandalucia.com\/wp-content\/uploads\/2024\/05\/AMA-Residences-Un-dia-en-AMA-60-min-200x133.jpg 200w, https:\/\/amaresidencesandalucia.com\/wp-content\/uploads\/2024\/05\/AMA-Residences-Un-dia-en-AMA-60-min-400x267.jpg 400w, https:\/\/amaresidencesandalucia.com\/wp-content\/uploads\/2024\/05\/AMA-Residences-Un-dia-en-AMA-60-min-600x400.jpg 600w, https:\/\/amaresidencesandalucia.com\/wp-content\/uploads\/2024\/05\/AMA-Residences-Un-dia-en-AMA-60-min-800x533.jpg 800w, https:\/\/amaresidencesandalucia.com\/wp-content\/uploads\/2024\/05\/AMA-Residences-Un-dia-en-AMA-60-min-1200x800.jpg 1200w, https:\/\/amaresidencesandalucia.com\/wp-content\/uploads\/2024\/05\/AMA-Residences-Un-dia-en-AMA-60-min-scaled.jpg 2560w\" sizes=\"(max-width: 800px) 100vw, 1200px\" \/><\/span><\/div><div class=\"fusion-text fusion-text-3\" style=\"--awb-margin-top:15px;\"><h2><b>\u00bfQu\u00e9 es el Slow living?<\/b><\/h2>\n<p><span style=\"font-weight: 400;\">La vida lenta o slow living es un movimiento que anima a vivir sin estr\u00e9s, sin prisas y saboreando cada momento en todos los aspectos de la vida.\u00a0<\/span><\/p>\n<p><span style=\"font-weight: 400;\">Con este estilo de vida, uno marca su propio ritmo, vive el presente y disfruta s\u00f3lo de lo que realmente le importa, en contraste con la vida ajetreada y sin pausas habitual en las grandes ciudades. En esencia, la vida lenta consiste en \u00abhacer menos para vivir m\u00e1s\u00bb. Se trata de averiguar cu\u00e1les son las prioridades, tomarse el tiempo necesario para procesarlas y actuar en consecuencia, sin distraerse ni preocuparte por lo que dicten las corrientes.\u00a0<\/span><\/p>\n<p><span style=\"font-weight: 400;\">Tambi\u00e9n requiere simplificar la vida, sin tecnolog\u00eda y sin la constante inmediatez que forma parte de nuestras rutinas diarias.<\/span><\/p>\n<\/div><div class=\"fusion-clearfix\"><\/div><\/div><\/div><\/div><\/div><div class=\"fusion-fullwidth fullwidth-box fusion-builder-row-2 nonhundred-percent-fullwidth non-hundred-percent-height-scrolling fusion-equal-height-columns\" style=\"--awb-border-radius-top-left:0px;--awb-border-radius-top-right:0px;--awb-border-radius-bottom-right:0px;--awb-border-radius-bottom-left:0px;--awb-padding-top:0px;--awb-padding-right:0px;--awb-padding-left:0px;--awb-margin-top:0px;--awb-margin-bottom:0px;--awb-flex-wrap:wrap;\" ><div class=\"fusion-builder-row fusion-row\"><div class=\"fusion-layout-column fusion_builder_column fusion-builder-column-2 fusion_builder_column_1_2 1_2 fusion-one-half fusion-column-first fusion-column-no-min-height\" style=\"--awb-bg-size:cover;width:50%;width:calc(50% - ( ( 4% ) * 0.5 ) );margin-right: 4%;\"><div class=\"fusion-column-wrapper fusion-column-has-shadow fusion-flex-column-wrapper-legacy\"><div class=\"fusion-column-content-centered\"><div class=\"fusion-column-content\"><div class=\"fusion-text fusion-text-4\"><h2><b>Beneficios del Slow living<\/b><\/h2>\n<p><span style=\"font-weight: 400;\">Entre los beneficios m\u00e1s significativos del &#8216;Slow Living&#8217; est\u00e1n la desconexi\u00f3n tecnol\u00f3gica, que lleva a una conexi\u00f3n m\u00e1s profunda con la realidad en lugar de a trav\u00e9s de una pantalla; el aumento de las horas de sue\u00f1o, que significa dormir m\u00e1s y mejor; o dedicar tiempo a la salud f\u00edsica y mental, sin sobrecargar la agenda con actividades o tareas y sabiendo decir no de forma asertiva.\u00a0<\/span><\/p>\n<p><span style=\"font-weight: 400;\">Al adoptar un ritmo de vida m\u00e1s lento experimentar\u00e1 una mayor paz mental, menos estr\u00e9s y una mejor salud general.\u00a0<\/span><\/p>\n<p><span style=\"font-weight: 400;\">Adem\u00e1s, disfrutar\u00e1 de la vida con mayor conciencia y presencia, centr\u00e1ndose en lo que realmente importa. Un estilo de vida m\u00e1s pausado y centrado en lo verdaderamente importante tambi\u00e9n frena el consumismo fren\u00e9tico, lo que se traduce en una reducci\u00f3n de los gastos innecesarios y del impacto medioambiental.<\/span><\/p>\n<\/div><\/div><\/div><div class=\"fusion-clearfix\"><\/div><\/div><\/div><div class=\"fusion-layout-column fusion_builder_column fusion-builder-column-3 fusion_builder_column_1_2 1_2 fusion-one-half fusion-column-last fusion-column-no-min-height\" style=\"--awb-bg-size:cover;width:50%;width:calc(50% - ( ( 4% ) * 0.5 ) );\"><div class=\"fusion-column-wrapper fusion-column-has-shadow fusion-flex-column-wrapper-legacy\"><div class=\"fusion-column-content-centered\"><div class=\"fusion-column-content\"><div class=\"fusion-sep-clear\"><\/div><div class=\"fusion-separator fusion-full-width-sep\" style=\"margin-left: auto;margin-right: auto;margin-bottom:1%;width:100%;\"><\/div><div class=\"fusion-sep-clear\"><\/div><div class=\"fusion-image-carousel fusion-image-carousel-auto fusion-image-carousel-1 fusion-carousel-border\"><div class=\"awb-carousel awb-swiper awb-swiper-carousel awb-carousel--carousel awb-swiper-dots-position-bottom\" data-layout=\"carousel\" data-autoplay=\"no\" data-autoplayspeed=\"2500\" data-autoplaypause=\"no\" data-loop=\"yes\" data-columns=\"1\" data-columnsmedium=\"1\" data-columnssmall=\"1\" data-itemmargin=\"13\" data-itemwidth=\"180\" data-touchscroll=\"no\" data-freemode=\"no\" data-imagesize=\"auto\" data-scrollitems=\"0\" data-centeredslides=\"no\" data-rotationangle=\"50\" data-depth=\"100\" data-speed=\"500\" data-shadow=\"no\" data-pagination=\"bullets\" style=\"--awb-columns:1;--awb-border-width:1px;--awb-border-color:#e9eaee;\"><div class=\"swiper-wrapper awb-image-carousel-wrapper fusion-flex-align-items-center\"><div class=\"swiper-slide\"><div class=\"fusion-carousel-item-wrapper\"><div class=\"fusion-image-wrapper hover-type-none\"><img decoding=\"async\" width=\"2560\" height=\"1707\" src=\"https:\/\/amaresidencesandalucia.com\/wp-content\/uploads\/2024\/05\/AMA-Residences-Un-dia-en-AMA-7-min-scaled.jpg\" class=\"attachment-full size-full\" alt=\"\" srcset=\"https:\/\/amaresidencesandalucia.com\/wp-content\/uploads\/2024\/05\/AMA-Residences-Un-dia-en-AMA-7-min-200x133.jpg 200w, https:\/\/amaresidencesandalucia.com\/wp-content\/uploads\/2024\/05\/AMA-Residences-Un-dia-en-AMA-7-min-300x200.jpg 300w, https:\/\/amaresidencesandalucia.com\/wp-content\/uploads\/2024\/05\/AMA-Residences-Un-dia-en-AMA-7-min-400x267.jpg 400w, https:\/\/amaresidencesandalucia.com\/wp-content\/uploads\/2024\/05\/AMA-Residences-Un-dia-en-AMA-7-min-600x400.jpg 600w, https:\/\/amaresidencesandalucia.com\/wp-content\/uploads\/2024\/05\/AMA-Residences-Un-dia-en-AMA-7-min-768x512.jpg 768w, https:\/\/amaresidencesandalucia.com\/wp-content\/uploads\/2024\/05\/AMA-Residences-Un-dia-en-AMA-7-min-800x533.jpg 800w, https:\/\/amaresidencesandalucia.com\/wp-content\/uploads\/2024\/05\/AMA-Residences-Un-dia-en-AMA-7-min-1024x683.jpg 1024w, https:\/\/amaresidencesandalucia.com\/wp-content\/uploads\/2024\/05\/AMA-Residences-Un-dia-en-AMA-7-min-1200x800.jpg 1200w, https:\/\/amaresidencesandalucia.com\/wp-content\/uploads\/2024\/05\/AMA-Residences-Un-dia-en-AMA-7-min-1536x1024.jpg 1536w, https:\/\/amaresidencesandalucia.com\/wp-content\/uploads\/2024\/05\/AMA-Residences-Un-dia-en-AMA-7-min-scaled.jpg 2560w\" sizes=\"(max-width: 2560px) 100vw, 2560px\" \/><\/div><\/div><\/div><div class=\"swiper-slide\"><div class=\"fusion-carousel-item-wrapper\"><div class=\"fusion-image-wrapper hover-type-none\"><img decoding=\"async\" width=\"2560\" height=\"1667\" src=\"https:\/\/amaresidencesandalucia.com\/wp-content\/uploads\/2024\/05\/MGL2568-min-scaled.jpg\" class=\"attachment-full size-full\" alt=\"\" srcset=\"https:\/\/amaresidencesandalucia.com\/wp-content\/uploads\/2024\/05\/MGL2568-min-200x130.jpg 200w, https:\/\/amaresidencesandalucia.com\/wp-content\/uploads\/2024\/05\/MGL2568-min-300x195.jpg 300w, https:\/\/amaresidencesandalucia.com\/wp-content\/uploads\/2024\/05\/MGL2568-min-400x260.jpg 400w, https:\/\/amaresidencesandalucia.com\/wp-content\/uploads\/2024\/05\/MGL2568-min-600x391.jpg 600w, https:\/\/amaresidencesandalucia.com\/wp-content\/uploads\/2024\/05\/MGL2568-min-768x500.jpg 768w, https:\/\/amaresidencesandalucia.com\/wp-content\/uploads\/2024\/05\/MGL2568-min-800x521.jpg 800w, https:\/\/amaresidencesandalucia.com\/wp-content\/uploads\/2024\/05\/MGL2568-min-1024x667.jpg 1024w, https:\/\/amaresidencesandalucia.com\/wp-content\/uploads\/2024\/05\/MGL2568-min-1200x781.jpg 1200w, https:\/\/amaresidencesandalucia.com\/wp-content\/uploads\/2024\/05\/MGL2568-min-1536x1000.jpg 1536w, https:\/\/amaresidencesandalucia.com\/wp-content\/uploads\/2024\/05\/MGL2568-min-scaled.jpg 2560w\" sizes=\"(max-width: 2560px) 100vw, 2560px\" \/><\/div><\/div><\/div><div class=\"swiper-slide\"><div class=\"fusion-carousel-item-wrapper\"><div class=\"fusion-image-wrapper hover-type-none\"><img decoding=\"async\" width=\"800\" height=\"533\" src=\"https:\/\/amaresidencesandalucia.com\/wp-content\/uploads\/2024\/04\/spa.avif\" class=\"attachment-full size-full\" alt=\"\" \/><\/div><\/div><\/div><\/div><div class=\"awb-swiper-button awb-swiper-button-prev\"><i class=\"awb-icon-angle-left\" aria-hidden=\"true\"><\/i><\/div><div class=\"awb-swiper-button awb-swiper-button-next\"><i class=\"awb-icon-angle-right\" aria-hidden=\"true\"><\/i><\/div><\/div><\/div><\/div><\/div><div class=\"fusion-clearfix\"><\/div><\/div><\/div><\/div><\/div><div class=\"fusion-fullwidth fullwidth-box fusion-builder-row-3 nonhundred-percent-fullwidth non-hundred-percent-height-scrolling fusion-equal-height-columns\" style=\"--awb-border-radius-top-left:0px;--awb-border-radius-top-right:0px;--awb-border-radius-bottom-right:0px;--awb-border-radius-bottom-left:0px;--awb-flex-wrap:wrap;\" ><div class=\"fusion-builder-row fusion-row\"><div class=\"fusion-layout-column fusion_builder_column fusion-builder-column-4 fusion_builder_column_1_1 1_1 fusion-one-full fusion-column-first fusion-column-last fusion-column-no-min-height\" style=\"--awb-bg-size:cover;\"><div class=\"fusion-column-wrapper fusion-column-has-shadow fusion-flex-column-wrapper-legacy\"><div class=\"fusion-column-content-centered\"><div class=\"fusion-column-content\"><div class=\"fusion-text fusion-text-5\"><h2><b>\u00bfQu\u00e9 le ofrece AMA Residences para el Slow living?<\/b><\/h2>\n<p><span style=\"font-weight: 400;\">En una gran ciudad, los ritmos diarios hacen dif\u00edcil llevar una vida \u00ablenta\u00bb y relajada. Pero en AMA Residences, la vida se mueve a otro ritmo.\u00a0<\/span><\/p>\n<p><span style=\"font-weight: 400;\">Nuestro complejo, enclavado en la naturaleza y con una extensi\u00f3n de m\u00e1s de 5 hect\u00e1reas, ofrece instalaciones orientadas al bienestar, alimentos de temporada y de origen local, y amables profesionales que contribuyen a crear un entorno tranquilo y agradable.\u00a0<\/span><\/p>\n<\/div><div class=\"fusion-image-carousel fusion-image-carousel-auto fusion-image-carousel-2 fusion-carousel-border\"><div class=\"awb-carousel awb-swiper awb-swiper-carousel awb-carousel--carousel awb-swiper-dots-position-bottom\" data-layout=\"carousel\" data-autoplay=\"no\" data-autoplayspeed=\"2500\" data-autoplaypause=\"no\" data-loop=\"yes\" data-columns=\"2\" data-columnsmedium=\"1\" data-columnssmall=\"1\" data-itemmargin=\"13\" data-itemwidth=\"180\" data-touchscroll=\"no\" data-freemode=\"no\" data-imagesize=\"auto\" data-scrollitems=\"0\" data-centeredslides=\"no\" data-rotationangle=\"50\" data-depth=\"100\" data-speed=\"500\" data-shadow=\"no\" data-pagination=\"bullets\" style=\"--awb-columns:2;--awb-border-width:1px;--awb-border-color:#e9eaee;\"><div class=\"swiper-wrapper awb-image-carousel-wrapper fusion-flex-align-items-center\"><div class=\"swiper-slide\"><div class=\"fusion-carousel-item-wrapper\"><div class=\"fusion-image-wrapper hover-type-none\"><img decoding=\"async\" width=\"900\" height=\"600\" src=\"https:\/\/amaresidencesandalucia.com\/wp-content\/uploads\/2022\/06\/AMA-Hamman.jpg\" class=\"attachment-full size-full\" alt=\"\" srcset=\"https:\/\/amaresidencesandalucia.com\/wp-content\/uploads\/2022\/06\/AMA-Hamman-200x133.jpg 200w, https:\/\/amaresidencesandalucia.com\/wp-content\/uploads\/2022\/06\/AMA-Hamman-400x267.jpg 400w, https:\/\/amaresidencesandalucia.com\/wp-content\/uploads\/2022\/06\/AMA-Hamman-600x400.jpg 600w, https:\/\/amaresidencesandalucia.com\/wp-content\/uploads\/2022\/06\/AMA-Hamman-800x533.jpg 800w, https:\/\/amaresidencesandalucia.com\/wp-content\/uploads\/2022\/06\/AMA-Hamman.jpg 900w\" sizes=\"(min-width: 2200px) 100vw, (min-width: 712px) 579px, (min-width: 640px) 712px, \" \/><\/div><\/div><\/div><div class=\"swiper-slide\"><div class=\"fusion-carousel-item-wrapper\"><div class=\"fusion-image-wrapper hover-type-none\"><img decoding=\"async\" width=\"2560\" height=\"1707\" src=\"https:\/\/amaresidencesandalucia.com\/wp-content\/uploads\/2024\/05\/Apartamento-AMA-Residences-60-min-scaled.jpg\" class=\"attachment-full size-full\" alt=\"\" srcset=\"https:\/\/amaresidencesandalucia.com\/wp-content\/uploads\/2024\/05\/Apartamento-AMA-Residences-60-min-200x133.jpg 200w, https:\/\/amaresidencesandalucia.com\/wp-content\/uploads\/2024\/05\/Apartamento-AMA-Residences-60-min-400x267.jpg 400w, https:\/\/amaresidencesandalucia.com\/wp-content\/uploads\/2024\/05\/Apartamento-AMA-Residences-60-min-600x400.jpg 600w, https:\/\/amaresidencesandalucia.com\/wp-content\/uploads\/2024\/05\/Apartamento-AMA-Residences-60-min-800x533.jpg 800w, https:\/\/amaresidencesandalucia.com\/wp-content\/uploads\/2024\/05\/Apartamento-AMA-Residences-60-min-1200x800.jpg 1200w, https:\/\/amaresidencesandalucia.com\/wp-content\/uploads\/2024\/05\/Apartamento-AMA-Residences-60-min-scaled.jpg 2560w\" sizes=\"(min-width: 2200px) 100vw, (min-width: 712px) 579px, (min-width: 640px) 712px, \" \/><\/div><\/div><\/div><div class=\"swiper-slide\"><div class=\"fusion-carousel-item-wrapper\"><div class=\"fusion-image-wrapper hover-type-none\"><img decoding=\"async\" width=\"2560\" height=\"1707\" src=\"https:\/\/amaresidencesandalucia.com\/wp-content\/uploads\/2024\/05\/AMA-Residences-Alrededores-2-min-scaled.jpg\" class=\"attachment-full size-full\" alt=\"\" srcset=\"https:\/\/amaresidencesandalucia.com\/wp-content\/uploads\/2024\/05\/AMA-Residences-Alrededores-2-min-200x133.jpg 200w, https:\/\/amaresidencesandalucia.com\/wp-content\/uploads\/2024\/05\/AMA-Residences-Alrededores-2-min-400x267.jpg 400w, https:\/\/amaresidencesandalucia.com\/wp-content\/uploads\/2024\/05\/AMA-Residences-Alrededores-2-min-600x400.jpg 600w, https:\/\/amaresidencesandalucia.com\/wp-content\/uploads\/2024\/05\/AMA-Residences-Alrededores-2-min-800x533.jpg 800w, https:\/\/amaresidencesandalucia.com\/wp-content\/uploads\/2024\/05\/AMA-Residences-Alrededores-2-min-1200x800.jpg 1200w, https:\/\/amaresidencesandalucia.com\/wp-content\/uploads\/2024\/05\/AMA-Residences-Alrededores-2-min-scaled.jpg 2560w\" sizes=\"(min-width: 2200px) 100vw, (min-width: 712px) 579px, (min-width: 640px) 712px, \" \/><\/div><\/div><\/div><div class=\"swiper-slide\"><div class=\"fusion-carousel-item-wrapper\"><div class=\"fusion-image-wrapper hover-type-none\"><img decoding=\"async\" width=\"2560\" height=\"1707\" src=\"https:\/\/amaresidencesandalucia.com\/wp-content\/uploads\/2024\/05\/AMA-Residences-Evento-96-min-scaled.jpg\" class=\"attachment-full size-full\" alt=\"\" srcset=\"https:\/\/amaresidencesandalucia.com\/wp-content\/uploads\/2024\/05\/AMA-Residences-Evento-96-min-200x133.jpg 200w, https:\/\/amaresidencesandalucia.com\/wp-content\/uploads\/2024\/05\/AMA-Residences-Evento-96-min-400x267.jpg 400w, https:\/\/amaresidencesandalucia.com\/wp-content\/uploads\/2024\/05\/AMA-Residences-Evento-96-min-600x400.jpg 600w, https:\/\/amaresidencesandalucia.com\/wp-content\/uploads\/2024\/05\/AMA-Residences-Evento-96-min-800x533.jpg 800w, https:\/\/amaresidencesandalucia.com\/wp-content\/uploads\/2024\/05\/AMA-Residences-Evento-96-min-1200x800.jpg 1200w, https:\/\/amaresidencesandalucia.com\/wp-content\/uploads\/2024\/05\/AMA-Residences-Evento-96-min-scaled.jpg 2560w\" sizes=\"(min-width: 2200px) 100vw, (min-width: 712px) 579px, (min-width: 640px) 712px, \" \/><\/div><\/div><\/div><\/div><div class=\"awb-swiper-button awb-swiper-button-prev\"><i class=\"awb-icon-angle-left\" aria-hidden=\"true\"><\/i><\/div><div class=\"awb-swiper-button awb-swiper-button-next\"><i class=\"awb-icon-angle-right\" aria-hidden=\"true\"><\/i><\/div><\/div><\/div><div class=\"fusion-text fusion-text-6\"><p><span style=\"font-weight: 400;\">Nuestros amplios y luminosos apartamentos, dotados de terraza, ofrecen el marco perfecto para disfrutar de experiencias como desayunar sintiendo el calor del sol de la ma\u00f1ana, escuchar m\u00fasica o el canto de los p\u00e1jaros mientras se lee un libro.<\/span><\/p>\n<p><span style=\"font-weight: 400;\">Adem\u00e1s, nuestra ubicaci\u00f3n en la Costa de la Luz, con sus m\u00e1s de 300 d\u00edas de sol al a\u00f1o, le permite disfrutar de sus extensas playas, paseos por pinares o en bicicleta, comidas al aire libre con la dieta mediterr\u00e1nea como estandarte y la brisa del Atl\u00e1ntico de fondo.\u00a0<\/span><\/p>\n<p><span style=\"font-weight: 400;\">Se trata de escuchar al cuerpo y darle lo que pide: parar, observar, escuchar, respirar, saborear para disfrutar plenamente de todo lo que la vida nos ofrece. La primera recompensa de ralentizar la vida es un aumento de la felicidad. El oasis de lujo de AMA Residences permite exprimir la vida al m\u00e1ximo.<\/span><\/p>\n<\/div><\/div><\/div><div class=\"fusion-clearfix\"><\/div><\/div><\/div><\/div><\/div><\/p>\n","protected":false},"excerpt":{"rendered":"","protected":false},"author":11,"featured_media":8834,"comment_status":"open","ping_status":"open","sticky":false,"template":"","format":"standard","meta":{"fifu_image_url":"https:\/\/amaresidencesandalucia.com\/wp-content\/uploads\/2024\/05\/AMA-Residences-Un-dia-en-AMA-60-min-scaled.jpg","fifu_image_alt":"","_joinchat":[],"footnotes":"","_members_access_role":[],"_members_access_error":""},"categories":[55,53],"tags":[],"class_list":["post-8796","post","type-post","status-publish","format-standard","has-post-thumbnail","hentry","category-actividades","category-cultura"],"_links":{"self":[{"href":"https:\/\/amaresidencesandalucia.com\/es\/wp-json\/wp\/v2\/posts\/8796","targetHints":{"allow":["GET"]}}],"collection":[{"href":"https:\/\/amaresidencesandalucia.com\/es\/wp-json\/wp\/v2\/posts"}],"about":[{"href":"https:\/\/amaresidencesandalucia.com\/es\/wp-json\/wp\/v2\/types\/post"}],"author":[{"embeddable":true,"href":"https:\/\/amaresidencesandalucia.com\/es\/wp-json\/wp\/v2\/users\/11"}],"replies":[{"embeddable":true,"href":"https:\/\/amaresidencesandalucia.com\/es\/wp-json\/wp\/v2\/comments?post=8796"}],"version-history":[{"count":7,"href":"https:\/\/amaresidencesandalucia.com\/es\/wp-json\/wp\/v2\/posts\/8796\/revisions"}],"predecessor-version":[{"id":8847,"href":"https:\/\/amaresidencesandalucia.com\/es\/wp-json\/wp\/v2\/posts\/8796\/revisions\/8847"}],"wp:featuredmedia":[{"embeddable":true,"href":"https:\/\/amaresidencesandalucia.com\/es\/wp-json\/wp\/v2\/media\/8834"}],"wp:attachment":[{"href":"https:\/\/amaresidencesandalucia.com\/es\/wp-json\/wp\/v2\/media?parent=8796"}],"wp:term":[{"taxonomy":"category","embeddable":true,"href":"https:\/\/amaresidencesandalucia.com\/es\/wp-json\/wp\/v2\/categories?post=8796"},{"taxonomy":"post_tag","embeddable":true,"href":"https:\/\/amaresidencesandalucia.com\/es\/wp-json\/wp\/v2\/tags?post=8796"}],"curies":[{"name":"wp","href":"https:\/\/api.w.org\/{rel}","templated":true}]}}