{"id":5937,"date":"2022-08-01T13:53:13","date_gmt":"2022-08-01T11:53:13","guid":{"rendered":"https:\/\/amaresidencesandalucia.com\/?p=5937"},"modified":"2022-08-01T13:57:03","modified_gmt":"2022-08-01T11:57:03","slug":"los-mejores-chiringuitos-cerca-de-ama-residences-para-pasar-un-dia-inolvidable-de-playa","status":"publish","type":"post","link":"https:\/\/amaresidencesandalucia.com\/es\/los-mejores-chiringuitos-cerca-de-ama-residences-para-pasar-un-dia-inolvidable-de-playa\/","title":{"rendered":"Los mejores chiringuitos cerca de AMA Residences para pasar un d\u00eda inolvidable de playa"},"content":{"rendered":"<p><div class=\"fusion-fullwidth fullwidth-box fusion-builder-row-1 nonhundred-percent-fullwidth non-hundred-percent-height-scrolling\" style=\"--awb-border-radius-top-left:0px;--awb-border-radius-top-right:0px;--awb-border-radius-bottom-right:0px;--awb-border-radius-bottom-left:0px;--awb-padding-top:10%;--awb-flex-wrap:wrap;\" ><div class=\"fusion-builder-row fusion-row\"><div class=\"fusion-layout-column fusion_builder_column fusion-builder-column-0 fusion_builder_column_1_1 1_1 fusion-one-full fusion-column-first fusion-column-last\" style=\"--awb-bg-size:cover;\"><div class=\"fusion-column-wrapper fusion-column-has-shadow fusion-flex-column-wrapper-legacy\"><div class=\"fusion-text fusion-text-1\" style=\"--awb-text-transform:none;\"><h1><b>Los mejores chiringuitos cerca de AMA Residences para pasar un d\u00eda inolvidable de playa<\/b><\/h1>\n<\/div><div class=\"fusion-sep-clear\"><\/div><div class=\"fusion-separator fusion-full-width-sep\" style=\"margin-left: auto;margin-right: auto;margin-bottom:5%;width:100%;\"><\/div><div class=\"fusion-sep-clear\"><\/div><div class=\"fusion-clearfix\"><\/div><\/div><\/div><\/div><\/div><div class=\"fusion-fullwidth fullwidth-box fusion-builder-row-2 fusion-flex-container nonhundred-percent-fullwidth non-hundred-percent-height-scrolling\" style=\"--awb-border-radius-top-left:0px;--awb-border-radius-top-right:0px;--awb-border-radius-bottom-right:0px;--awb-border-radius-bottom-left:0px;--awb-margin-bottom:0px;--awb-flex-wrap:wrap;\" ><div class=\"fusion-builder-row fusion-row fusion-flex-align-items-flex-start fusion-flex-content-wrap\" style=\"max-width:1216.8px;margin-left: calc(-4% \/ 2 );margin-right: calc(-4% \/ 2 );\"><div class=\"fusion-layout-column fusion_builder_column fusion-builder-column-1 fusion_builder_column_1_1 1_1 fusion-flex-column fusion-flex-align-self-center\" style=\"--awb-bg-size:cover;--awb-width-large:100%;--awb-margin-top-large:0px;--awb-spacing-right-large:1.92%;--awb-margin-bottom-large:0px;--awb-spacing-left-large:1.92%;--awb-width-medium:100%;--awb-order-medium:0;--awb-spacing-right-medium:1.92%;--awb-spacing-left-medium:1.92%;--awb-width-small:100%;--awb-order-small:0;--awb-spacing-right-small:1.92%;--awb-spacing-left-small:1.92%;\"><div class=\"fusion-column-wrapper fusion-column-has-shadow fusion-flex-justify-content-center fusion-content-layout-column\"><div class=\"fusion-text fusion-text-2\" style=\"--awb-text-transform:none;\"><p>Mucho m\u00e1s all\u00e1 de su luz, Huelva es conocida por contar con un amplio abanico de chiringuitos o beach clubs donde su gastronom\u00eda, ambiente, m\u00fasica y actividades se fusionan ofertando toda una experiencia completa a pie de playa. Por ello, en este art\u00edculo, le resumimos algunos de los mejores chiringuitos, un t\u00e9rmino que nos encanta porque nos traslada directamente a esos inolvidables y largos d\u00edas de verano, donde disfrutar de la Costa de la Luz en todo su esplendor cerca de AMA Residences Andaluc\u00eda.<\/p>\n<\/div><\/div><\/div><\/div><\/div><div class=\"fusion-fullwidth fullwidth-box fusion-builder-row-3 fusion-flex-container nonhundred-percent-fullwidth non-hundred-percent-height-scrolling\" style=\"--awb-border-radius-top-left:0px;--awb-border-radius-top-right:0px;--awb-border-radius-bottom-right:0px;--awb-border-radius-bottom-left:0px;--awb-margin-bottom:0px;--awb-flex-wrap:wrap;\" ><div class=\"fusion-builder-row fusion-row fusion-flex-align-items-flex-start fusion-flex-content-wrap\" style=\"max-width:1216.8px;margin-left: calc(-4% \/ 2 );margin-right: calc(-4% \/ 2 );\"><div class=\"fusion-layout-column fusion_builder_column fusion-builder-column-2 fusion_builder_column_1_1 1_1 fusion-flex-column fusion-flex-align-self-center\" style=\"--awb-bg-size:cover;--awb-width-large:100%;--awb-margin-top-large:0px;--awb-spacing-right-large:1.92%;--awb-margin-bottom-large:0px;--awb-spacing-left-large:1.92%;--awb-width-medium:100%;--awb-order-medium:0;--awb-spacing-right-medium:1.92%;--awb-spacing-left-medium:1.92%;--awb-width-small:100%;--awb-order-small:0;--awb-spacing-right-small:1.92%;--awb-spacing-left-small:1.92%;\"><div class=\"fusion-column-wrapper fusion-column-has-shadow fusion-flex-justify-content-center fusion-content-layout-column\"><div class=\"fusion-text fusion-text-3\" style=\"--awb-text-transform:none;\"><h2>Chiringuito El Lobo &#8211; La Antilla<\/h2>\n<p>Se encuentra en plena barriada de los pescadores de La Antilla, a la orilla del mar. Es un lugar donde disfrutar de los sabores m\u00e1s tradicionales, para los amantes del <strong>pescado y el marisco fresco<\/strong> es, sin duda, una visita obligada. No puede pasar sin probar las coquinas, las gambas blancas de Huelva, los chocos fritos, los boquerones o un fresqu\u00edsimo pescado a la plancha.<\/p>\n<p>Aunque abre para comidas y cenas, para almorzar en este chiringuito los residentes de AMA pueden coger el tren ya que les dejar\u00e1 justo al lado.<\/p>\n<\/div><\/div><\/div><div class=\"fusion-layout-column fusion_builder_column fusion-builder-column-3 fusion_builder_column_1_1 1_1 fusion-flex-column\" style=\"--awb-bg-size:cover;--awb-width-large:100%;--awb-margin-top-large:0px;--awb-spacing-right-large:1.92%;--awb-margin-bottom-large:0px;--awb-spacing-left-large:1.92%;--awb-width-medium:100%;--awb-order-medium:0;--awb-spacing-right-medium:1.92%;--awb-spacing-left-medium:1.92%;--awb-width-small:100%;--awb-order-small:0;--awb-spacing-right-small:1.92%;--awb-spacing-left-small:1.92%;\"><div class=\"fusion-column-wrapper fusion-column-has-shadow fusion-flex-justify-content-flex-start fusion-content-layout-column\"><div class=\"fusion-separator fusion-full-width-sep\" style=\"align-self: center;margin-left: auto;margin-right: auto;margin-bottom:3%;width:100%;\"><\/div><div class=\"fusion-image-element\" style=\"text-align:center;--awb-caption-title-font-family:var(--h2_typography-font-family);--awb-caption-title-font-weight:var(--h2_typography-font-weight);--awb-caption-title-font-style:var(--h2_typography-font-style);--awb-caption-title-size:var(--h2_typography-font-size);--awb-caption-title-transform:var(--h2_typography-text-transform);--awb-caption-title-line-height:var(--h2_typography-line-height);--awb-caption-title-letter-spacing:var(--h2_typography-letter-spacing);\"><span class=\" fusion-imageframe imageframe-none imageframe-1 hover-type-none\"><img decoding=\"async\" width=\"1024\" height=\"575\" alt=\"El \" title=\"El-Lobo-plato\" src=\"https:\/\/amaresidencesandalucia.com\/wp-content\/uploads\/2022\/08\/El-Lobo-plato-1024x575.png\" class=\"img-responsive wp-image-5872\" srcset=\"https:\/\/amaresidencesandalucia.com\/wp-content\/uploads\/2022\/08\/El-Lobo-plato-200x112.png 200w, https:\/\/amaresidencesandalucia.com\/wp-content\/uploads\/2022\/08\/El-Lobo-plato-400x225.png 400w, https:\/\/amaresidencesandalucia.com\/wp-content\/uploads\/2022\/08\/El-Lobo-plato-600x337.png 600w, https:\/\/amaresidencesandalucia.com\/wp-content\/uploads\/2022\/08\/El-Lobo-plato-800x449.png 800w, https:\/\/amaresidencesandalucia.com\/wp-content\/uploads\/2022\/08\/El-Lobo-plato-1200x674.png 1200w, https:\/\/amaresidencesandalucia.com\/wp-content\/uploads\/2022\/08\/El-Lobo-plato.png 1275w\" sizes=\"(max-width: 1024px) 100vw, (max-width: 640px) 100vw, 1200px\" \/><\/span><\/div><\/div><\/div><\/div><\/div><div class=\"fusion-fullwidth fullwidth-box fusion-builder-row-4 fusion-flex-container nonhundred-percent-fullwidth non-hundred-percent-height-scrolling\" style=\"--awb-border-radius-top-left:0px;--awb-border-radius-top-right:0px;--awb-border-radius-bottom-right:0px;--awb-border-radius-bottom-left:0px;--awb-margin-bottom:0px;--awb-flex-wrap:wrap;\" ><div class=\"fusion-builder-row fusion-row fusion-flex-align-items-flex-start fusion-flex-content-wrap\" style=\"max-width:1216.8px;margin-left: calc(-4% \/ 2 );margin-right: calc(-4% \/ 2 );\"><div class=\"fusion-layout-column fusion_builder_column fusion-builder-column-4 fusion_builder_column_1_1 1_1 fusion-flex-column\" style=\"--awb-bg-size:cover;--awb-width-large:100%;--awb-margin-top-large:0px;--awb-spacing-right-large:1.92%;--awb-margin-bottom-large:0px;--awb-spacing-left-large:1.92%;--awb-width-medium:100%;--awb-order-medium:0;--awb-spacing-right-medium:1.92%;--awb-spacing-left-medium:1.92%;--awb-width-small:100%;--awb-order-small:0;--awb-spacing-right-small:1.92%;--awb-spacing-left-small:1.92%;\"><div class=\"fusion-column-wrapper fusion-column-has-shadow fusion-flex-justify-content-flex-start fusion-content-layout-column\"><div class=\"fusion-separator fusion-full-width-sep\" style=\"align-self: center;margin-left: auto;margin-right: auto;margin-bottom:3%;width:100%;\"><\/div><div class=\"fusion-text fusion-text-4\" style=\"--awb-text-transform:none;\"><h2>Santa Pura Club &#8211; La Antilla<\/h2>\n<p>Santa Pura Club destaca por su localizaci\u00f3n, su <strong>gastronom\u00eda con productos de la zona con reminiscencias de otras culturas como la mexicana, italiana y la oriental adem\u00e1s de por su gran diversidad de opciones culturales y deportivas.<\/strong> Es, sin duda, un rinc\u00f3n donde disfrutar de la gran variedad de oportunidades que el litoral onubense brinda a quienes lo visitan.<\/p>\n<p>Su apetecible carta que ofrece almuerzo y cenas los 7 d\u00edas de la semana, se basa en el producto local con una gran variedad de c\u00f3cteles para amenizar el calor de las tardes de verano.<\/p>\n<p>Adem\u00e1s, su programaci\u00f3n se compone de actividades de las m\u00e1s variadas, enfocadas tanto a los m\u00e1s peque\u00f1os de la casa como a adultos. Desde cines de verano hasta conciertos y m\u00fasica en directo, rutas de senderismo, yoga o deportes acu\u00e1ticos para los m\u00e1s aventureros.<\/p>\n<\/div><div class=\"fusion-separator fusion-full-width-sep\" style=\"align-self: center;margin-left: auto;margin-right: auto;margin-bottom:3%;width:100%;\"><\/div><div class=\"awb-gallery-wrapper awb-gallery-wrapper-1 button-span-no\" style=\"--more-btn-alignment:center;\" data-limit=\"30\" data-page=\"1\"><div style=\"margin:-5px;--awb-bordersize:0px;\" class=\"fusion-gallery fusion-gallery-container fusion-grid-3 fusion-columns-total-3 fusion-gallery-layout-grid fusion-gallery-1\"><div style=\"padding:5px;\" class=\"fusion-grid-column fusion-gallery-column fusion-gallery-column-3 hover-type-none\"><div class=\"fusion-gallery-image\"><a href=\"https:\/\/amaresidencesandalucia.com\/wp-content\/uploads\/2022\/08\/Santa-Pura-musica.s-scaled-e1659352294909.jpg\" rel=\"noreferrer\" data-rel=\"iLightbox[gallery_image_1]\" class=\"fusion-lightbox\" target=\"_self\"><img decoding=\"async\" src=\"https:\/\/amaresidencesandalucia.com\/wp-content\/uploads\/2022\/08\/Santa-Pura-musica.s-scaled-e1659352294909.jpg\" width=\"2560\" height=\"1707\" alt=\"Santa Pura Club\" title=\"Santa Pura-musica.s\" aria-label=\"Santa Pura-musica.s\" class=\"img-responsive wp-image-5873\" srcset=\"https:\/\/amaresidencesandalucia.com\/wp-content\/uploads\/2022\/08\/Santa-Pura-musica.s-scaled-e1659352294909-200x133.jpg 200w, https:\/\/amaresidencesandalucia.com\/wp-content\/uploads\/2022\/08\/Santa-Pura-musica.s-scaled-e1659352294909-400x267.jpg 400w, https:\/\/amaresidencesandalucia.com\/wp-content\/uploads\/2022\/08\/Santa-Pura-musica.s-scaled-e1659352294909-600x400.jpg 600w, https:\/\/amaresidencesandalucia.com\/wp-content\/uploads\/2022\/08\/Santa-Pura-musica.s-scaled-e1659352294909-800x533.jpg 800w, https:\/\/amaresidencesandalucia.com\/wp-content\/uploads\/2022\/08\/Santa-Pura-musica.s-scaled-e1659352294909.jpg 900w\" sizes=\"(min-width: 2200px) 100vw, (min-width: 784px) 387px, (min-width: 712px) 580px, (min-width: 640px) 712px, \" \/><\/a><\/div><\/div><div style=\"padding:5px;\" class=\"fusion-grid-column fusion-gallery-column fusion-gallery-column-3 hover-type-none\"><div class=\"fusion-gallery-image\"><a href=\"https:\/\/amaresidencesandalucia.com\/wp-content\/uploads\/2022\/08\/Santa-Pura-vista-gene\u0301rica-scaled-e1659352308257.jpg\" rel=\"noreferrer\" data-rel=\"iLightbox[gallery_image_1]\" class=\"fusion-lightbox\" target=\"_self\"><img decoding=\"async\" src=\"https:\/\/amaresidencesandalucia.com\/wp-content\/uploads\/2022\/08\/Santa-Pura-vista-gene\u0301rica-scaled-e1659352308257.jpg\" width=\"2560\" height=\"1707\" alt=\"Santa Pura Club\" title=\"Santa Pura-vista-gene\u0301rica\" aria-label=\"Santa Pura-vista-gene\u0301rica\" class=\"img-responsive wp-image-5877\" srcset=\"https:\/\/amaresidencesandalucia.com\/wp-content\/uploads\/2022\/08\/Santa-Pura-vista-gene\u0301rica-scaled-e1659352308257-200x133.jpg 200w, https:\/\/amaresidencesandalucia.com\/wp-content\/uploads\/2022\/08\/Santa-Pura-vista-gene\u0301rica-scaled-e1659352308257-400x267.jpg 400w, https:\/\/amaresidencesandalucia.com\/wp-content\/uploads\/2022\/08\/Santa-Pura-vista-gene\u0301rica-scaled-e1659352308257-600x400.jpg 600w, https:\/\/amaresidencesandalucia.com\/wp-content\/uploads\/2022\/08\/Santa-Pura-vista-gene\u0301rica-scaled-e1659352308257-800x533.jpg 800w, https:\/\/amaresidencesandalucia.com\/wp-content\/uploads\/2022\/08\/Santa-Pura-vista-gene\u0301rica-scaled-e1659352308257.jpg 900w\" sizes=\"(min-width: 2200px) 100vw, (min-width: 784px) 387px, (min-width: 712px) 580px, (min-width: 640px) 712px, \" \/><\/a><\/div><\/div><div style=\"padding:5px;\" class=\"fusion-grid-column fusion-gallery-column fusion-gallery-column-3 hover-type-none\"><div class=\"fusion-gallery-image\"><a href=\"https:\/\/amaresidencesandalucia.com\/wp-content\/uploads\/2022\/08\/Santa-Pura-Plato-scaled-e1659352320152.jpg\" rel=\"noreferrer\" data-rel=\"iLightbox[gallery_image_1]\" class=\"fusion-lightbox\" target=\"_self\"><img decoding=\"async\" src=\"https:\/\/amaresidencesandalucia.com\/wp-content\/uploads\/2022\/08\/Santa-Pura-Plato-scaled-e1659352320152.jpg\" width=\"2560\" height=\"1707\" alt=\"Santa Pura Club - Plato\" title=\"Santa-Pura-Plato\" aria-label=\"Santa-Pura-Plato\" class=\"img-responsive wp-image-5881\" srcset=\"https:\/\/amaresidencesandalucia.com\/wp-content\/uploads\/2022\/08\/Santa-Pura-Plato-scaled-e1659352320152-200x133.jpg 200w, https:\/\/amaresidencesandalucia.com\/wp-content\/uploads\/2022\/08\/Santa-Pura-Plato-scaled-e1659352320152-400x267.jpg 400w, https:\/\/amaresidencesandalucia.com\/wp-content\/uploads\/2022\/08\/Santa-Pura-Plato-scaled-e1659352320152-600x400.jpg 600w, https:\/\/amaresidencesandalucia.com\/wp-content\/uploads\/2022\/08\/Santa-Pura-Plato-scaled-e1659352320152-800x533.jpg 800w, https:\/\/amaresidencesandalucia.com\/wp-content\/uploads\/2022\/08\/Santa-Pura-Plato-scaled-e1659352320152.jpg 900w\" sizes=\"(min-width: 2200px) 100vw, (min-width: 784px) 387px, (min-width: 712px) 580px, (min-width: 640px) 712px, \" \/><\/a><\/div><\/div><div class=\"clearfix\"><\/div><\/div><\/div><\/div><\/div><\/div><\/div><div class=\"fusion-fullwidth fullwidth-box fusion-builder-row-5 nonhundred-percent-fullwidth non-hundred-percent-height-scrolling\" style=\"--awb-border-radius-top-left:0px;--awb-border-radius-top-right:0px;--awb-border-radius-bottom-right:0px;--awb-border-radius-bottom-left:0px;--awb-margin-top:2%;--awb-flex-wrap:wrap;\" ><div class=\"fusion-builder-row fusion-row\"><div class=\"fusion-layout-column fusion_builder_column fusion-builder-column-5 fusion_builder_column_3_5 3_5 fusion-three-fifth fusion-column-first\" style=\"--awb-bg-size:cover;width:60%;width:calc(60% - ( ( 4% ) * 0.6 ) );margin-right: 4%;\"><div class=\"fusion-column-wrapper fusion-column-has-shadow fusion-flex-column-wrapper-legacy\"><div class=\"fusion-column-content-centered\"><div class=\"fusion-column-content\"><div class=\"fusion-sep-clear\"><\/div><div class=\"fusion-separator fusion-full-width-sep\" style=\"margin-left: auto;margin-right: auto;margin-bottom:3%;width:100%;\"><\/div><div class=\"fusion-sep-clear\"><\/div><div class=\"fusion-sep-clear\"><\/div><div class=\"fusion-separator fusion-full-width-sep\" style=\"margin-left: auto;margin-right: auto;margin-bottom:3%;width:100%;\"><\/div><div class=\"fusion-sep-clear\"><\/div><div class=\"fusion-text fusion-text-5\" style=\"--awb-text-transform:none;\"><h2>Carocho Chiringuito &#8211; Urbasur<\/h2>\n<p>El chiringuito Carocho se sit\u00faa en la misma arena de la playa de Urbasur. Es el plan ideal para aquellos a los que les guste una cerveza fresquita a la orilla del mar acompa\u00f1ada de <strong>tapas o raciones t\u00edpicas de la zona como sardinas, arroces&#8230;<\/strong><\/p>\n<p>Adem\u00e1s, Carocho proporciona una gran variedad de c\u00f3cteles para refrescarse por la tarde mientras que disfruta de <strong>m\u00fasica en directo as\u00ed como clases de yoga por las ma\u00f1anas.<\/strong><\/p>\n<\/div><div class=\"fusion-sep-clear\"><\/div><div class=\"fusion-separator fusion-full-width-sep\" style=\"margin-left: auto;margin-right: auto;margin-bottom:3%;width:100%;\"><\/div><div class=\"fusion-sep-clear\"><\/div><\/div><\/div><div class=\"fusion-clearfix\"><\/div><\/div><\/div><div class=\"fusion-layout-column fusion_builder_column fusion-builder-column-6 fusion_builder_column_2_5 2_5 fusion-two-fifth fusion-column-last\" style=\"--awb-bg-size:cover;width:40%;width:calc(40% - ( ( 4% ) * 0.4 ) );\"><div class=\"fusion-column-wrapper fusion-column-has-shadow fusion-flex-column-wrapper-legacy\"><div class=\"fusion-column-content-centered\"><div class=\"fusion-column-content\"><div class=\"fusion-sep-clear\"><\/div><div class=\"fusion-separator fusion-full-width-sep\" style=\"margin-left: auto;margin-right: auto;margin-bottom:3%;width:100%;\"><\/div><div class=\"fusion-sep-clear\"><\/div><div class=\"fusion-image-element fusion-image-align-center in-legacy-container\" style=\"text-align:center;--awb-caption-title-font-family:var(--h2_typography-font-family);--awb-caption-title-font-weight:var(--h2_typography-font-weight);--awb-caption-title-font-style:var(--h2_typography-font-style);--awb-caption-title-size:var(--h2_typography-font-size);--awb-caption-title-transform:var(--h2_typography-text-transform);--awb-caption-title-line-height:var(--h2_typography-line-height);--awb-caption-title-letter-spacing:var(--h2_typography-letter-spacing);\"><div class=\"imageframe-align-center\"><span class=\" fusion-imageframe imageframe-none imageframe-2 hover-type-none\"><img decoding=\"async\" width=\"1024\" height=\"768\" title=\"Carocho-vistas\" src=\"https:\/\/amaresidencesandalucia.com\/wp-content\/uploads\/2022\/08\/Carocho-vistas-1024x768.jpg\" alt class=\"img-responsive wp-image-5888\" srcset=\"https:\/\/amaresidencesandalucia.com\/wp-content\/uploads\/2022\/08\/Carocho-vistas-200x150.jpg 200w, https:\/\/amaresidencesandalucia.com\/wp-content\/uploads\/2022\/08\/Carocho-vistas-400x300.jpg 400w, https:\/\/amaresidencesandalucia.com\/wp-content\/uploads\/2022\/08\/Carocho-vistas-600x450.jpg 600w, https:\/\/amaresidencesandalucia.com\/wp-content\/uploads\/2022\/08\/Carocho-vistas-800x600.jpg 800w, https:\/\/amaresidencesandalucia.com\/wp-content\/uploads\/2022\/08\/Carocho-vistas-1200x900.jpg 1200w\" sizes=\"(max-width: 800px) 100vw, 600px\" \/><\/span><\/div><\/div><div class=\"fusion-sep-clear\"><\/div><div class=\"fusion-separator fusion-full-width-sep\" style=\"margin-left: auto;margin-right: auto;margin-bottom:3%;width:100%;\"><\/div><div class=\"fusion-sep-clear\"><\/div><\/div><\/div><div class=\"fusion-clearfix\"><\/div><\/div><\/div><\/div><\/div><div class=\"fusion-fullwidth fullwidth-box fusion-builder-row-6 nonhundred-percent-fullwidth non-hundred-percent-height-scrolling\" style=\"--awb-border-radius-top-left:0px;--awb-border-radius-top-right:0px;--awb-border-radius-bottom-right:0px;--awb-border-radius-bottom-left:0px;--awb-margin-top:2%;--awb-flex-wrap:wrap;\" ><div class=\"fusion-builder-row fusion-row\"><div class=\"fusion-layout-column fusion_builder_column fusion-builder-column-7 fusion_builder_column_1_1 1_1 fusion-one-full fusion-column-first fusion-column-last\" style=\"--awb-bg-size:cover;\"><div class=\"fusion-column-wrapper fusion-column-has-shadow fusion-flex-column-wrapper-legacy\"><div class=\"fusion-column-content-centered\"><div class=\"fusion-column-content\"><div class=\"fusion-sep-clear\"><\/div><div class=\"fusion-separator fusion-full-width-sep\" style=\"margin-left: auto;margin-right: auto;margin-bottom:3%;width:100%;\"><\/div><div class=\"fusion-sep-clear\"><\/div><div class=\"fusion-text fusion-text-6\" style=\"--awb-text-transform:none;\"><h2>El Tabla Beach Club &#8211; Punta Umbr\u00eda<\/h2>\n<p>El Tabla Beach Club en la Canaleta de Punta Umbr\u00eda es el lugar ideal para disfrutar de los productos frescos de la zona acompa\u00f1ados de la brisa del mar. Su carta se caracteriza por contar con una gran <strong>variedad de productos<\/strong> para cubrir las expectativas de los paladares m\u00e1s exquisitos.<\/p>\n<p>Cuando cae la noche, El tabla Beach Club consigue la combinaci\u00f3n ideal entre <strong>cultura musical, DJ\u00b4s, shows en directo y el mejor ambiente<\/strong> para disfrutar bajo las estrellas de la costa onubense.<\/p>\n<\/div><div class=\"fusion-sep-clear\"><\/div><div class=\"fusion-separator fusion-full-width-sep\" style=\"margin-left: auto;margin-right: auto;margin-bottom:3%;width:100%;\"><\/div><div class=\"fusion-sep-clear\"><\/div><div class=\"awb-gallery-wrapper awb-gallery-wrapper-2 button-span-no\" style=\"--more-btn-alignment:center;\" data-limit=\"30\" data-page=\"1\"><div style=\"margin:-5px;--awb-bordersize:0px;\" class=\"fusion-gallery fusion-gallery-container fusion-grid-2 fusion-columns-total-2 fusion-gallery-layout-grid fusion-gallery-2\"><div style=\"padding:5px;\" class=\"fusion-grid-column fusion-gallery-column fusion-gallery-column-2 hover-type-none\"><div class=\"fusion-gallery-image\"><a href=\"https:\/\/amaresidencesandalucia.com\/wp-content\/uploads\/2022\/08\/ElTabla-vista-scaled-e1659352502490.jpg\" rel=\"noreferrer\" data-rel=\"iLightbox[gallery_image_2]\" class=\"fusion-lightbox\" target=\"_self\"><img decoding=\"async\" src=\"https:\/\/amaresidencesandalucia.com\/wp-content\/uploads\/2022\/08\/ElTabla-vista-scaled-e1659352502490.jpg\" width=\"2560\" height=\"1707\" alt=\"\" title=\"ElTabla-vista\" aria-label=\"ElTabla-vista\" class=\"img-responsive wp-image-5889\"  \/><\/a><\/div><\/div><div class=\"clearfix\"><\/div><div style=\"padding:5px;\" class=\"fusion-grid-column fusion-gallery-column fusion-gallery-column-2 hover-type-none\"><div class=\"fusion-gallery-image\"><a href=\"https:\/\/amaresidencesandalucia.com\/wp-content\/uploads\/2022\/08\/ElTabla-Plato-scaled-e1659352469104.jpg\" rel=\"noreferrer\" data-rel=\"iLightbox[gallery_image_2]\" class=\"fusion-lightbox\" target=\"_self\"><img decoding=\"async\" src=\"https:\/\/amaresidencesandalucia.com\/wp-content\/uploads\/2022\/08\/ElTabla-Plato-scaled-e1659352469104.jpg\" width=\"2560\" height=\"1537\" alt=\"\" title=\"ElTabla-Plato\" aria-label=\"ElTabla-Plato\" class=\"img-responsive wp-image-5893\" srcset=\"https:\/\/amaresidencesandalucia.com\/wp-content\/uploads\/2022\/08\/ElTabla-Plato-scaled-e1659352469104-200x120.jpg 200w, https:\/\/amaresidencesandalucia.com\/wp-content\/uploads\/2022\/08\/ElTabla-Plato-scaled-e1659352469104-400x240.jpg 400w, https:\/\/amaresidencesandalucia.com\/wp-content\/uploads\/2022\/08\/ElTabla-Plato-scaled-e1659352469104-600x360.jpg 600w, https:\/\/amaresidencesandalucia.com\/wp-content\/uploads\/2022\/08\/ElTabla-Plato-scaled-e1659352469104-800x480.jpg 800w, https:\/\/amaresidencesandalucia.com\/wp-content\/uploads\/2022\/08\/ElTabla-Plato-scaled-e1659352469104.jpg 900w\" sizes=\"(min-width: 2200px) 100vw, (min-width: 712px) 583px, (min-width: 640px) 712px, \" \/><\/a><\/div><\/div><\/div><\/div><\/div><\/div><div class=\"fusion-clearfix\"><\/div><\/div><\/div><\/div><\/div><div class=\"fusion-fullwidth fullwidth-box fusion-builder-row-7 nonhundred-percent-fullwidth non-hundred-percent-height-scrolling\" style=\"--awb-border-radius-top-left:0px;--awb-border-radius-top-right:0px;--awb-border-radius-bottom-right:0px;--awb-border-radius-bottom-left:0px;--awb-margin-top:2%;--awb-flex-wrap:wrap;\" ><div class=\"fusion-builder-row fusion-row\"><div class=\"fusion-layout-column fusion_builder_column fusion-builder-column-8 fusion_builder_column_1_1 1_1 fusion-one-full fusion-column-first fusion-column-last\" style=\"--awb-bg-size:cover;\"><div class=\"fusion-column-wrapper fusion-column-has-shadow fusion-flex-column-wrapper-legacy\"><div class=\"fusion-column-content-centered\"><div class=\"fusion-column-content\"><div class=\"fusion-sep-clear\"><\/div><div class=\"fusion-separator fusion-full-width-sep\" style=\"margin-left: auto;margin-right: auto;margin-bottom:3%;width:100%;\"><\/div><div class=\"fusion-sep-clear\"><\/div><div class=\"fusion-text fusion-text-7\" style=\"--awb-text-transform:none;\"><h2>Mosquito Club &#8211; Punta Umbr\u00eda<\/h2>\n<p>El Mosquito Club es uno de los sitios por excelencia de Punta Umbr\u00eda. Se encuentra en un entorno clave, donde la pr\u00e1ctica de deportes acu\u00e1ticos es la protagonista.<br \/>\nTodas sus actividades y su amplia oferta gastron\u00f3mica le llevar\u00e1n a vivir un inolvidable d\u00eda de playa.<\/p>\n<p>Ir a Mosquito Club es sin\u00f3nimo de diversi\u00f3n gracias a su multitud de <strong>talleres participativos como yoga o teatro, exposiciones, cine de verano, proyecciones, concursos, m\u00fasica en directo, charlas\u2026<\/strong> Y todo esto sum\u00e1ndole una carta de bebidas y comidas basada en la<strong> fusi\u00f3n de productos tradicionales de la zona siempre con buen rollo.<\/strong><\/p>\n<\/div><div class=\"awb-gallery-wrapper awb-gallery-wrapper-3 button-span-no\" style=\"--more-btn-alignment:center;\" data-limit=\"30\" data-page=\"1\"><div style=\"margin:-5px;--awb-bordersize:0px;\" class=\"fusion-gallery fusion-gallery-container fusion-grid-3 fusion-columns-total-3 fusion-gallery-layout-grid fusion-gallery-3\"><div style=\"padding:5px;\" class=\"fusion-grid-column fusion-gallery-column fusion-gallery-column-3 hover-type-none\"><div class=\"fusion-gallery-image\"><a href=\"https:\/\/amaresidencesandalucia.com\/wp-content\/uploads\/2022\/08\/Mosquito-Club-plato-atu\u0301n-scaled-e1659352607790.jpg\" rel=\"noreferrer\" data-rel=\"iLightbox[gallery_image_3]\" class=\"fusion-lightbox\" target=\"_self\"><img decoding=\"async\" src=\"https:\/\/amaresidencesandalucia.com\/wp-content\/uploads\/2022\/08\/Mosquito-Club-plato-atu\u0301n-scaled-e1659352607790.jpg\" width=\"2560\" height=\"1707\" alt=\"\" title=\"Mosquito-Club-plato-atu\u0301n\" aria-label=\"Mosquito-Club-plato-atu\u0301n\" class=\"img-responsive wp-image-5905\" srcset=\"https:\/\/amaresidencesandalucia.com\/wp-content\/uploads\/2022\/08\/Mosquito-Club-plato-atu\u0301n-scaled-e1659352607790-200x133.jpg 200w, https:\/\/amaresidencesandalucia.com\/wp-content\/uploads\/2022\/08\/Mosquito-Club-plato-atu\u0301n-scaled-e1659352607790-400x267.jpg 400w, https:\/\/amaresidencesandalucia.com\/wp-content\/uploads\/2022\/08\/Mosquito-Club-plato-atu\u0301n-scaled-e1659352607790-600x400.jpg 600w, https:\/\/amaresidencesandalucia.com\/wp-content\/uploads\/2022\/08\/Mosquito-Club-plato-atu\u0301n-scaled-e1659352607790-800x533.jpg 800w, https:\/\/amaresidencesandalucia.com\/wp-content\/uploads\/2022\/08\/Mosquito-Club-plato-atu\u0301n-scaled-e1659352607790.jpg 900w\" sizes=\"(min-width: 2200px) 100vw, (min-width: 784px) 387px, (min-width: 712px) 580px, (min-width: 640px) 712px, \" \/><\/a><\/div><\/div><div class=\"clearfix\"><\/div><div style=\"padding:5px;\" class=\"fusion-grid-column fusion-gallery-column fusion-gallery-column-3 hover-type-none\"><div class=\"fusion-gallery-image\"><a href=\"https:\/\/amaresidencesandalucia.com\/wp-content\/uploads\/2022\/08\/Mosquito-Club-comida-scaled-e1659352595476.jpg\" rel=\"noreferrer\" data-rel=\"iLightbox[gallery_image_3]\" class=\"fusion-lightbox\" target=\"_self\"><img decoding=\"async\" src=\"https:\/\/amaresidencesandalucia.com\/wp-content\/uploads\/2022\/08\/Mosquito-Club-comida-scaled-e1659352595476.jpg\" width=\"2560\" height=\"1707\" alt=\"\" title=\"Mosquito-Club-comida\" aria-label=\"Mosquito-Club-comida\" class=\"img-responsive wp-image-5901\" srcset=\"https:\/\/amaresidencesandalucia.com\/wp-content\/uploads\/2022\/08\/Mosquito-Club-comida-scaled-e1659352595476-200x133.jpg 200w, https:\/\/amaresidencesandalucia.com\/wp-content\/uploads\/2022\/08\/Mosquito-Club-comida-scaled-e1659352595476-400x267.jpg 400w, https:\/\/amaresidencesandalucia.com\/wp-content\/uploads\/2022\/08\/Mosquito-Club-comida-scaled-e1659352595476-600x400.jpg 600w, https:\/\/amaresidencesandalucia.com\/wp-content\/uploads\/2022\/08\/Mosquito-Club-comida-scaled-e1659352595476-800x533.jpg 800w, https:\/\/amaresidencesandalucia.com\/wp-content\/uploads\/2022\/08\/Mosquito-Club-comida-scaled-e1659352595476.jpg 900w\" sizes=\"(min-width: 2200px) 100vw, (min-width: 784px) 387px, (min-width: 712px) 580px, (min-width: 640px) 712px, \" \/><\/a><\/div><\/div><div style=\"padding:5px;\" class=\"fusion-grid-column fusion-gallery-column fusion-gallery-column-3 hover-type-none\"><div class=\"fusion-gallery-image\"><a href=\"https:\/\/amaresidencesandalucia.com\/wp-content\/uploads\/2022\/08\/Mosquito-Club--scaled-e1659352583490.jpg\" rel=\"noreferrer\" data-rel=\"iLightbox[gallery_image_3]\" class=\"fusion-lightbox\" target=\"_self\"><img decoding=\"async\" src=\"https:\/\/amaresidencesandalucia.com\/wp-content\/uploads\/2022\/08\/Mosquito-Club--scaled-e1659352583490.jpg\" width=\"2560\" height=\"1707\" alt=\"\" title=\"Mosquito-Club-\" aria-label=\"Mosquito-Club-\" class=\"img-responsive wp-image-5897\" srcset=\"https:\/\/amaresidencesandalucia.com\/wp-content\/uploads\/2022\/08\/Mosquito-Club--scaled-e1659352583490-200x133.jpg 200w, https:\/\/amaresidencesandalucia.com\/wp-content\/uploads\/2022\/08\/Mosquito-Club--scaled-e1659352583490-400x267.jpg 400w, https:\/\/amaresidencesandalucia.com\/wp-content\/uploads\/2022\/08\/Mosquito-Club--scaled-e1659352583490-600x400.jpg 600w, https:\/\/amaresidencesandalucia.com\/wp-content\/uploads\/2022\/08\/Mosquito-Club--scaled-e1659352583490-800x533.jpg 800w, https:\/\/amaresidencesandalucia.com\/wp-content\/uploads\/2022\/08\/Mosquito-Club--scaled-e1659352583490.jpg 900w\" sizes=\"(min-width: 2200px) 100vw, (min-width: 784px) 387px, (min-width: 712px) 580px, (min-width: 640px) 712px, \" \/><\/a><\/div><\/div><\/div><\/div><\/div><\/div><div class=\"fusion-clearfix\"><\/div><\/div><\/div><\/div><\/div><div class=\"fusion-fullwidth fullwidth-box fusion-builder-row-8 nonhundred-percent-fullwidth non-hundred-percent-height-scrolling\" style=\"--awb-border-radius-top-left:0px;--awb-border-radius-top-right:0px;--awb-border-radius-bottom-right:0px;--awb-border-radius-bottom-left:0px;--awb-margin-top:2%;--awb-flex-wrap:wrap;\" ><div class=\"fusion-builder-row fusion-row\"><div class=\"fusion-layout-column fusion_builder_column fusion-builder-column-9 fusion_builder_column_1_1 1_1 fusion-one-full fusion-column-first fusion-column-last\" style=\"--awb-bg-size:cover;\"><div class=\"fusion-column-wrapper fusion-column-has-shadow fusion-flex-column-wrapper-legacy\"><div class=\"fusion-column-content-centered\"><div class=\"fusion-column-content\"><div class=\"fusion-sep-clear\"><\/div><div class=\"fusion-separator fusion-full-width-sep\" style=\"margin-left: auto;margin-right: auto;margin-bottom:3%;width:100%;\"><\/div><div class=\"fusion-sep-clear\"><\/div><div class=\"fusion-text fusion-text-8\" style=\"--awb-text-transform:none;\"><h2>Enebral &#8211; Punta Umbr\u00eda<\/h2>\n<p>Si quiere disfrutar de la magia de una puesta de sol mirando al mar, el Enebral es, sin duda, la mejor elecci\u00f3n. Desde la <strong>terraza-mirador podr\u00e1 contemplar uno de los mejores atardeceres de la provincia.<\/strong><\/p>\n<p>A los pies del Paraje Natural de los Enebrales, El Enebral se ha convertido en la combinaci\u00f3n perfecta de playa, ambiente,<strong> gastronom\u00eda local, cocteler\u00eda y m\u00fasica en directo.<\/strong> Sin duda alguna un sitio donde volver siempre es buena opci\u00f3n.<\/p>\n<\/div><div class=\"awb-gallery-wrapper awb-gallery-wrapper-4 button-span-no\" style=\"--more-btn-alignment:center;\" data-limit=\"30\" data-page=\"1\"><div style=\"margin:-5px;--awb-bordersize:0px;\" class=\"fusion-gallery fusion-gallery-container fusion-grid-2 fusion-columns-total-2 fusion-gallery-layout-grid fusion-gallery-4\"><div style=\"padding:5px;\" class=\"fusion-grid-column fusion-gallery-column fusion-gallery-column-2 hover-type-none\"><div class=\"fusion-gallery-image\"><a href=\"https:\/\/amaresidencesandalucia.com\/wp-content\/uploads\/2022\/08\/Enebral-chiringuito-e1659352674911.jpeg\" rel=\"noreferrer\" data-rel=\"iLightbox[gallery_image_4]\" class=\"fusion-lightbox\" target=\"_self\"><img decoding=\"async\" src=\"https:\/\/amaresidencesandalucia.com\/wp-content\/uploads\/2022\/08\/Enebral-chiringuito-e1659352674911.jpeg\" width=\"1440\" height=\"959\" alt=\"\" title=\"Enebral-chiringuito\" aria-label=\"Enebral-chiringuito\" class=\"img-responsive wp-image-5909\" srcset=\"https:\/\/amaresidencesandalucia.com\/wp-content\/uploads\/2022\/08\/Enebral-chiringuito-e1659352674911-200x133.jpeg 200w, https:\/\/amaresidencesandalucia.com\/wp-content\/uploads\/2022\/08\/Enebral-chiringuito-e1659352674911-400x266.jpeg 400w, https:\/\/amaresidencesandalucia.com\/wp-content\/uploads\/2022\/08\/Enebral-chiringuito-e1659352674911-600x399.jpeg 600w, https:\/\/amaresidencesandalucia.com\/wp-content\/uploads\/2022\/08\/Enebral-chiringuito-e1659352674911-800x532.jpeg 800w, https:\/\/amaresidencesandalucia.com\/wp-content\/uploads\/2022\/08\/Enebral-chiringuito-e1659352674911.jpeg 900w\" sizes=\"(min-width: 2200px) 100vw, (min-width: 712px) 583px, (min-width: 640px) 712px, \" \/><\/a><\/div><\/div><div style=\"padding:5px;\" class=\"fusion-grid-column fusion-gallery-column fusion-gallery-column-2 hover-type-none\"><div class=\"fusion-gallery-image\"><a href=\"https:\/\/amaresidencesandalucia.com\/wp-content\/uploads\/2022\/08\/Enebral-conciertojpeg-e1659352687344.jpg\" rel=\"noreferrer\" data-rel=\"iLightbox[gallery_image_4]\" class=\"fusion-lightbox\" target=\"_self\"><img decoding=\"async\" src=\"https:\/\/amaresidencesandalucia.com\/wp-content\/uploads\/2022\/08\/Enebral-conciertojpeg-e1659352687344.jpg\" width=\"2048\" height=\"1365\" alt=\"Enebral- Conciert0\" title=\"Enebral-conciertojpeg\" aria-label=\"Enebral-conciertojpeg\" class=\"img-responsive wp-image-5913\" srcset=\"https:\/\/amaresidencesandalucia.com\/wp-content\/uploads\/2022\/08\/Enebral-conciertojpeg-e1659352687344-200x133.jpg 200w, https:\/\/amaresidencesandalucia.com\/wp-content\/uploads\/2022\/08\/Enebral-conciertojpeg-e1659352687344-400x267.jpg 400w, https:\/\/amaresidencesandalucia.com\/wp-content\/uploads\/2022\/08\/Enebral-conciertojpeg-e1659352687344-600x400.jpg 600w, https:\/\/amaresidencesandalucia.com\/wp-content\/uploads\/2022\/08\/Enebral-conciertojpeg-e1659352687344-800x533.jpg 800w, https:\/\/amaresidencesandalucia.com\/wp-content\/uploads\/2022\/08\/Enebral-conciertojpeg-e1659352687344.jpg 900w\" sizes=\"(min-width: 2200px) 100vw, (min-width: 712px) 583px, (min-width: 640px) 712px, \" \/><\/a><\/div><\/div><div class=\"clearfix\"><\/div><\/div><\/div><\/div><\/div><div class=\"fusion-clearfix\"><\/div><\/div><\/div><\/div><\/div><div class=\"fusion-fullwidth fullwidth-box fusion-builder-row-9 nonhundred-percent-fullwidth non-hundred-percent-height-scrolling\" style=\"--awb-border-radius-top-left:0px;--awb-border-radius-top-right:0px;--awb-border-radius-bottom-right:0px;--awb-border-radius-bottom-left:0px;--awb-margin-top:2%;--awb-flex-wrap:wrap;\" ><div class=\"fusion-builder-row fusion-row\"><div class=\"fusion-layout-column fusion_builder_column fusion-builder-column-10 fusion_builder_column_1_1 1_1 fusion-one-full fusion-column-first fusion-column-last\" style=\"--awb-bg-size:cover;\"><div class=\"fusion-column-wrapper fusion-column-has-shadow fusion-flex-column-wrapper-legacy\"><div class=\"fusion-column-content-centered\"><div class=\"fusion-column-content\"><div class=\"fusion-sep-clear\"><\/div><div class=\"fusion-separator fusion-full-width-sep\" style=\"margin-left: auto;margin-right: auto;margin-bottom:3%;width:100%;\"><\/div><div class=\"fusion-sep-clear\"><\/div><div class=\"fusion-text fusion-text-9\" style=\"--awb-text-transform:none;\"><h2>Fashion Beach Club &#8211; El Portil<\/h2>\n<p>Situado en El Portil, es uno de los chiringuitos referentes en la zona, por su buen ambiente y una excelente gastronom\u00eda. Se le considera un <strong>templo del buen comer<\/strong> donde se juega con los sabores de los productos t\u00edpicos de la tierra para crear una carta innovadora y capaz de conquistar todo tipo de paladares. Especializados en el at\u00fan rojo con m\u00e1s de una treintena de platos diferentes.<\/p>\n<p>Adem\u00e1s de disfrutar de los mejores productos de la Costa, saborear\u00e1 la brisa del mar mientras escuchas<strong> m\u00fasica en directo y sesiones de dj.<\/strong><\/p>\n<\/div><div class=\"awb-gallery-wrapper awb-gallery-wrapper-5 button-span-no\" style=\"--more-btn-alignment:center;\" data-limit=\"30\" data-page=\"1\"><div style=\"margin:-5px;--awb-bordersize:0px;\" class=\"fusion-gallery fusion-gallery-container fusion-grid-3 fusion-columns-total-3 fusion-gallery-layout-grid fusion-gallery-5\"><div style=\"padding:5px;\" class=\"fusion-grid-column fusion-gallery-column fusion-gallery-column-3 hover-type-none\"><div class=\"fusion-gallery-image\"><a href=\"https:\/\/amaresidencesandalucia.com\/wp-content\/uploads\/2022\/08\/Fashion-club-noche-e1659352832285.jpg\" rel=\"noreferrer\" data-rel=\"iLightbox[gallery_image_5]\" class=\"fusion-lightbox\" target=\"_self\"><img decoding=\"async\" src=\"https:\/\/amaresidencesandalucia.com\/wp-content\/uploads\/2022\/08\/Fashion-club-noche-e1659352832285.jpg\" width=\"1500\" height=\"1000\" alt=\"\" title=\"Fashion-club-noche\" aria-label=\"Fashion-club-noche\" class=\"img-responsive wp-image-5929\" srcset=\"https:\/\/amaresidencesandalucia.com\/wp-content\/uploads\/2022\/08\/Fashion-club-noche-e1659352832285-200x133.jpg 200w, https:\/\/amaresidencesandalucia.com\/wp-content\/uploads\/2022\/08\/Fashion-club-noche-e1659352832285-400x267.jpg 400w, https:\/\/amaresidencesandalucia.com\/wp-content\/uploads\/2022\/08\/Fashion-club-noche-e1659352832285-600x400.jpg 600w, https:\/\/amaresidencesandalucia.com\/wp-content\/uploads\/2022\/08\/Fashion-club-noche-e1659352832285-800x533.jpg 800w, https:\/\/amaresidencesandalucia.com\/wp-content\/uploads\/2022\/08\/Fashion-club-noche-e1659352832285.jpg 900w\" sizes=\"(min-width: 2200px) 100vw, (min-width: 784px) 387px, (min-width: 712px) 580px, (min-width: 640px) 712px, \" \/><\/a><\/div><\/div><div style=\"padding:5px;\" class=\"fusion-grid-column fusion-gallery-column fusion-gallery-column-3 hover-type-none\"><div class=\"fusion-gallery-image\"><a href=\"https:\/\/amaresidencesandalucia.com\/wp-content\/uploads\/2022\/08\/Fashion-Club-interior-e1659352810938.jpg\" rel=\"noreferrer\" data-rel=\"iLightbox[gallery_image_5]\" class=\"fusion-lightbox\" target=\"_self\"><img decoding=\"async\" src=\"https:\/\/amaresidencesandalucia.com\/wp-content\/uploads\/2022\/08\/Fashion-Club-interior-e1659352810938.jpg\" width=\"1500\" height=\"1000\" alt=\"Fashion-club-interior\" title=\"Fashion-Club-interior\" aria-label=\"Fashion-Club-interior\" class=\"img-responsive wp-image-5925\" srcset=\"https:\/\/amaresidencesandalucia.com\/wp-content\/uploads\/2022\/08\/Fashion-Club-interior-e1659352810938-200x133.jpg 200w, https:\/\/amaresidencesandalucia.com\/wp-content\/uploads\/2022\/08\/Fashion-Club-interior-e1659352810938-400x267.jpg 400w, https:\/\/amaresidencesandalucia.com\/wp-content\/uploads\/2022\/08\/Fashion-Club-interior-e1659352810938-600x400.jpg 600w, https:\/\/amaresidencesandalucia.com\/wp-content\/uploads\/2022\/08\/Fashion-Club-interior-e1659352810938-800x533.jpg 800w, https:\/\/amaresidencesandalucia.com\/wp-content\/uploads\/2022\/08\/Fashion-Club-interior-e1659352810938.jpg 900w\" sizes=\"(min-width: 2200px) 100vw, (min-width: 784px) 387px, (min-width: 712px) 580px, (min-width: 640px) 712px, \" \/><\/a><\/div><\/div><div class=\"clearfix\"><\/div><div style=\"padding:5px;\" class=\"fusion-grid-column fusion-gallery-column fusion-gallery-column-3 hover-type-none\"><div class=\"fusion-gallery-image\"><a href=\"https:\/\/amaresidencesandalucia.com\/wp-content\/uploads\/2022\/08\/Fashion-club-gene\u0301rica-e1659352792554.jpg\" rel=\"noreferrer\" data-rel=\"iLightbox[gallery_image_5]\" class=\"fusion-lightbox\" target=\"_self\"><img decoding=\"async\" src=\"https:\/\/amaresidencesandalucia.com\/wp-content\/uploads\/2022\/08\/Fashion-club-gene\u0301rica-e1659352792554.jpg\" width=\"1560\" height=\"1040\" alt=\"Fashion-club-\" title=\"Fashion-club-gene\u0301rica\" aria-label=\"Fashion-club-gene\u0301rica\" class=\"img-responsive wp-image-5921\" srcset=\"https:\/\/amaresidencesandalucia.com\/wp-content\/uploads\/2022\/08\/Fashion-club-gene\u0301rica-e1659352792554-200x133.jpg 200w, https:\/\/amaresidencesandalucia.com\/wp-content\/uploads\/2022\/08\/Fashion-club-gene\u0301rica-e1659352792554-400x267.jpg 400w, https:\/\/amaresidencesandalucia.com\/wp-content\/uploads\/2022\/08\/Fashion-club-gene\u0301rica-e1659352792554-600x400.jpg 600w, https:\/\/amaresidencesandalucia.com\/wp-content\/uploads\/2022\/08\/Fashion-club-gene\u0301rica-e1659352792554-800x533.jpg 800w, https:\/\/amaresidencesandalucia.com\/wp-content\/uploads\/2022\/08\/Fashion-club-gene\u0301rica-e1659352792554.jpg 900w\" sizes=\"(min-width: 2200px) 100vw, (min-width: 784px) 387px, (min-width: 712px) 580px, (min-width: 640px) 712px, \" \/><\/a><\/div><\/div><\/div><\/div><div class=\"fusion-sep-clear\"><\/div><div class=\"fusion-separator fusion-full-width-sep\" style=\"margin-left: auto;margin-right: auto;margin-bottom:3%;width:100%;\"><\/div><div class=\"fusion-sep-clear\"><\/div><div class=\"fusion-text fusion-text-10\" style=\"--awb-text-transform:none;\"><h2>Chiringuito La Haragana &#8211; Isla Canela<\/h2>\n<p>La Haragana, el chiringuito m\u00e1s instagrameable de la Costa de la Luz, se encuentra entre Isla Canela y Punta del Moral. Es uno de esos chiringuitos donde las horas pasan casi sin darse cuenta.<\/p>\n<p>El entorno en el que se encuentra, en la interminable playa de los Haraganes, hace que su <strong>oferta gastron\u00f3mica, casera y con productos frescos y de proximidad con un twist, se disfrute a\u00fan m\u00e1<\/strong>s. A destacar sus pok\u00e9s, el bacalao con patatas, ensaladas y hamburguesas\u2026<\/p>\n<p>Ver la puesta de sol con un c\u00f3ctel y disfrutando de la <strong>m\u00fasica en directo<\/strong> con los pies en la arena es un placer para los 5 sentidos.<br \/>\nAdem\u00e1s, los amantes del <strong>yoga<\/strong>, podr\u00e1n disfrutar de las clases que se imparten los martes y jueves a la hora en la que empieza a caer el sol \u00bfExiste mejor plan?<\/p>\n<\/div><div class=\"awb-gallery-wrapper awb-gallery-wrapper-6 button-span-no\" style=\"--more-btn-alignment:center;\" data-limit=\"30\" data-page=\"1\"><div style=\"margin:-5px;--awb-bordersize:0px;\" class=\"fusion-gallery fusion-gallery-container fusion-grid-2 fusion-columns-total-2 fusion-gallery-layout-grid fusion-gallery-6\"><div style=\"padding:5px;\" class=\"fusion-grid-column fusion-gallery-column fusion-gallery-column-2 hover-type-none\"><div class=\"fusion-gallery-image\"><a href=\"https:\/\/amaresidencesandalucia.com\/wp-content\/uploads\/2022\/08\/Haragana-playa-1-scaled-e1659354163552.jpeg\" rel=\"noreferrer\" data-rel=\"iLightbox[gallery_image_6]\" class=\"fusion-lightbox\" target=\"_self\"><img decoding=\"async\" src=\"https:\/\/amaresidencesandalucia.com\/wp-content\/uploads\/2022\/08\/Haragana-playa-1-scaled-e1659354163552.jpeg\" width=\"900\" height=\"591\" alt=\"La Haragana-Playa\" title=\"Haragana-playa\" aria-label=\"Haragana-playa\" class=\"img-responsive wp-image-5950\" srcset=\"https:\/\/amaresidencesandalucia.com\/wp-content\/uploads\/2022\/08\/Haragana-playa-1-scaled-e1659354163552-200x131.jpeg 200w, https:\/\/amaresidencesandalucia.com\/wp-content\/uploads\/2022\/08\/Haragana-playa-1-scaled-e1659354163552-400x263.jpeg 400w, https:\/\/amaresidencesandalucia.com\/wp-content\/uploads\/2022\/08\/Haragana-playa-1-scaled-e1659354163552-600x394.jpeg 600w, https:\/\/amaresidencesandalucia.com\/wp-content\/uploads\/2022\/08\/Haragana-playa-1-scaled-e1659354163552-800x525.jpeg 800w, https:\/\/amaresidencesandalucia.com\/wp-content\/uploads\/2022\/08\/Haragana-playa-1-scaled-e1659354163552.jpeg 900w\" sizes=\"(min-width: 2200px) 100vw, (min-width: 712px) 583px, (min-width: 640px) 712px, \" \/><\/a><\/div><\/div><div class=\"clearfix\"><\/div><div style=\"padding:5px;\" class=\"fusion-grid-column fusion-gallery-column fusion-gallery-column-2 hover-type-none\"><div class=\"fusion-gallery-image\"><a href=\"https:\/\/amaresidencesandalucia.com\/wp-content\/uploads\/2022\/08\/Haragana-detalle-barra-1-scaled-e1659354150757.jpeg\" rel=\"noreferrer\" data-rel=\"iLightbox[gallery_image_6]\" class=\"fusion-lightbox\" target=\"_self\"><img decoding=\"async\" src=\"https:\/\/amaresidencesandalucia.com\/wp-content\/uploads\/2022\/08\/Haragana-detalle-barra-1-scaled-e1659354150757.jpeg\" width=\"900\" height=\"591\" alt=\"\" title=\"Haragana- detalle-barra\" aria-label=\"Haragana- detalle-barra\" class=\"img-responsive wp-image-5946\" srcset=\"https:\/\/amaresidencesandalucia.com\/wp-content\/uploads\/2022\/08\/Haragana-detalle-barra-1-scaled-e1659354150757-200x131.jpeg 200w, https:\/\/amaresidencesandalucia.com\/wp-content\/uploads\/2022\/08\/Haragana-detalle-barra-1-scaled-e1659354150757-400x263.jpeg 400w, https:\/\/amaresidencesandalucia.com\/wp-content\/uploads\/2022\/08\/Haragana-detalle-barra-1-scaled-e1659354150757-600x394.jpeg 600w, https:\/\/amaresidencesandalucia.com\/wp-content\/uploads\/2022\/08\/Haragana-detalle-barra-1-scaled-e1659354150757-800x525.jpeg 800w, https:\/\/amaresidencesandalucia.com\/wp-content\/uploads\/2022\/08\/Haragana-detalle-barra-1-scaled-e1659354150757.jpeg 900w\" sizes=\"(min-width: 2200px) 100vw, (min-width: 712px) 583px, (min-width: 640px) 712px, \" \/><\/a><\/div><\/div><\/div><\/div><div class=\"fusion-sep-clear\"><\/div><div class=\"fusion-separator fusion-full-width-sep\" style=\"margin-left: auto;margin-right: auto;margin-bottom:3%;width:100%;\"><\/div><div class=\"fusion-sep-clear\"><\/div><div class=\"fusion-text fusion-text-11\" style=\"--awb-text-transform:none;\"><p>Esperamos que les gusten nuestras recomendaciones tanto como a nosotros. En AMA Residences Andaluc\u00eda estaremos encantados de ayudar a nuestros residentes en todo lo que necesiten para que disfruten de los mejores chiringuitos y terrazas de la costa de Huelva. Y si a\u00fan no nos conoce, venga y enam\u00f3rese de un entorno \u00fanico con todas las comodidades en la Costa de la Luz. No lo dude y contacte con nosotros para concertar una cita.<\/p>\n<\/div><\/div><\/div><div class=\"fusion-clearfix\"><\/div><\/div><\/div><\/div><\/div><\/p>\n","protected":false},"excerpt":{"rendered":"","protected":false},"author":11,"featured_media":5868,"comment_status":"open","ping_status":"open","sticky":false,"template":"","format":"standard","meta":{"fifu_image_url":"","fifu_image_alt":"","_joinchat":[],"footnotes":"","_members_access_role":[],"_members_access_error":""},"categories":[55,53],"tags":[],"class_list":["post-5937","post","type-post","status-publish","format-standard","has-post-thumbnail","hentry","category-actividades","category-cultura"],"_links":{"self":[{"href":"https:\/\/amaresidencesandalucia.com\/es\/wp-json\/wp\/v2\/posts\/5937","targetHints":{"allow":["GET"]}}],"collection":[{"href":"https:\/\/amaresidencesandalucia.com\/es\/wp-json\/wp\/v2\/posts"}],"about":[{"href":"https:\/\/amaresidencesandalucia.com\/es\/wp-json\/wp\/v2\/types\/post"}],"author":[{"embeddable":true,"href":"https:\/\/amaresidencesandalucia.com\/es\/wp-json\/wp\/v2\/users\/11"}],"replies":[{"embeddable":true,"href":"https:\/\/amaresidencesandalucia.com\/es\/wp-json\/wp\/v2\/comments?post=5937"}],"version-history":[{"count":3,"href":"https:\/\/amaresidencesandalucia.com\/es\/wp-json\/wp\/v2\/posts\/5937\/revisions"}],"predecessor-version":[{"id":5960,"href":"https:\/\/amaresidencesandalucia.com\/es\/wp-json\/wp\/v2\/posts\/5937\/revisions\/5960"}],"wp:featuredmedia":[{"embeddable":true,"href":"https:\/\/amaresidencesandalucia.com\/es\/wp-json\/wp\/v2\/media\/5868"}],"wp:attachment":[{"href":"https:\/\/amaresidencesandalucia.com\/es\/wp-json\/wp\/v2\/media?parent=5937"}],"wp:term":[{"taxonomy":"category","embeddable":true,"href":"https:\/\/amaresidencesandalucia.com\/es\/wp-json\/wp\/v2\/categories?post=5937"},{"taxonomy":"post_tag","embeddable":true,"href":"https:\/\/amaresidencesandalucia.com\/es\/wp-json\/wp\/v2\/tags?post=5937"}],"curies":[{"name":"wp","href":"https:\/\/api.w.org\/{rel}","templated":true}]}}