{"id":4545,"date":"2022-03-03T10:03:24","date_gmt":"2022-03-03T09:03:24","guid":{"rendered":"https:\/\/amaresidencesandalucia.com\/?p=4545"},"modified":"2022-03-03T11:13:28","modified_gmt":"2022-03-03T10:13:28","slug":"huelva-y-su-luz","status":"publish","type":"post","link":"https:\/\/amaresidencesandalucia.com\/es\/huelva-y-su-luz\/","title":{"rendered":"Huelva y su luz"},"content":{"rendered":"<p><div class=\"fusion-fullwidth fullwidth-box fusion-builder-row-1 nonhundred-percent-fullwidth non-hundred-percent-height-scrolling\" style=\"--awb-border-radius-top-left:0px;--awb-border-radius-top-right:0px;--awb-border-radius-bottom-right:0px;--awb-border-radius-bottom-left:0px;--awb-padding-top:10%;--awb-flex-wrap:wrap;\" ><div class=\"fusion-builder-row fusion-row\"><div class=\"fusion-layout-column fusion_builder_column fusion-builder-column-0 fusion_builder_column_1_1 1_1 fusion-one-full fusion-column-first fusion-column-last\" style=\"--awb-bg-size:cover;\"><div class=\"fusion-column-wrapper fusion-column-has-shadow fusion-flex-column-wrapper-legacy\"><div class=\"fusion-text fusion-text-1\" style=\"--awb-text-transform:none;\"><h1>Huelva y su luz<\/h1>\n<\/div><div class=\"fusion-sep-clear\"><\/div><div class=\"fusion-separator fusion-full-width-sep\" style=\"margin-left: auto;margin-right: auto;margin-bottom:5%;width:100%;\"><\/div><div class=\"fusion-sep-clear\"><\/div><div class=\"fusion-text fusion-text-2\" style=\"--awb-text-transform:none;\"><p>Vivir en la <strong>provincia m\u00e1s soleada de Espa\u00f1a<\/strong> reporta grandes beneficios a sus habitantes: los onubenses o choqueros.<\/p>\n<\/div><div class=\"fusion-clearfix\"><\/div><\/div><\/div><div class=\"fusion-layout-column fusion_builder_column fusion-builder-column-1 fusion_builder_column_1_2 1_2 fusion-one-half fusion-column-first\" style=\"--awb-bg-size:cover;width:50%;width:calc(50% - ( ( 4% ) * 0.5 ) );margin-right: 4%;\"><div class=\"fusion-column-wrapper fusion-column-has-shadow fusion-flex-column-wrapper-legacy\"><div class=\"fusion-column-content-centered\"><div class=\"fusion-column-content\"><div class=\"fusion-image-element in-legacy-container\" style=\"--awb-caption-title-font-family:var(--h2_typography-font-family);--awb-caption-title-font-weight:var(--h2_typography-font-weight);--awb-caption-title-font-style:var(--h2_typography-font-style);--awb-caption-title-size:var(--h2_typography-font-size);--awb-caption-title-transform:var(--h2_typography-text-transform);--awb-caption-title-line-height:var(--h2_typography-line-height);--awb-caption-title-letter-spacing:var(--h2_typography-letter-spacing);\"><span class=\" fusion-imageframe imageframe-none imageframe-1 hover-type-none\"><img decoding=\"async\" width=\"900\" height=\"587\" title=\"playa-huelva1\" src=\"https:\/\/amaresidencesandalucia.com\/wp-content\/uploads\/2022\/03\/playa-huelva1.jpg\" alt class=\"img-responsive wp-image-4578\" srcset=\"https:\/\/amaresidencesandalucia.com\/wp-content\/uploads\/2022\/03\/playa-huelva1-200x130.jpg 200w, https:\/\/amaresidencesandalucia.com\/wp-content\/uploads\/2022\/03\/playa-huelva1-400x261.jpg 400w, https:\/\/amaresidencesandalucia.com\/wp-content\/uploads\/2022\/03\/playa-huelva1-600x391.jpg 600w, https:\/\/amaresidencesandalucia.com\/wp-content\/uploads\/2022\/03\/playa-huelva1-800x522.jpg 800w, https:\/\/amaresidencesandalucia.com\/wp-content\/uploads\/2022\/03\/playa-huelva1.jpg 900w\" sizes=\"(max-width: 800px) 100vw, 600px\" \/><\/span><\/div><\/div><\/div><div class=\"fusion-clearfix\"><\/div><\/div><\/div><div class=\"fusion-layout-column fusion_builder_column fusion-builder-column-2 fusion_builder_column_1_2 1_2 fusion-one-half fusion-column-last\" style=\"--awb-bg-size:cover;width:50%;width:calc(50% - ( ( 4% ) * 0.5 ) );\"><div class=\"fusion-column-wrapper fusion-column-has-shadow fusion-flex-column-wrapper-legacy\"><div class=\"fusion-column-content-centered\"><div class=\"fusion-column-content\"><div class=\"fusion-image-element in-legacy-container\" style=\"--awb-caption-title-font-family:var(--h2_typography-font-family);--awb-caption-title-font-weight:var(--h2_typography-font-weight);--awb-caption-title-font-style:var(--h2_typography-font-style);--awb-caption-title-size:var(--h2_typography-font-size);--awb-caption-title-transform:var(--h2_typography-text-transform);--awb-caption-title-line-height:var(--h2_typography-line-height);--awb-caption-title-letter-spacing:var(--h2_typography-letter-spacing);\"><span class=\" fusion-imageframe imageframe-none imageframe-2 hover-type-none\"><img decoding=\"async\" width=\"900\" height=\"591\" title=\"dusk-atardecer-huelva\" src=\"https:\/\/amaresidencesandalucia.com\/wp-content\/uploads\/2022\/03\/dusk-atardecer-huelva.jpg\" alt class=\"img-responsive wp-image-4560\" srcset=\"https:\/\/amaresidencesandalucia.com\/wp-content\/uploads\/2022\/03\/dusk-atardecer-huelva-200x131.jpg 200w, https:\/\/amaresidencesandalucia.com\/wp-content\/uploads\/2022\/03\/dusk-atardecer-huelva-400x263.jpg 400w, https:\/\/amaresidencesandalucia.com\/wp-content\/uploads\/2022\/03\/dusk-atardecer-huelva-600x394.jpg 600w, https:\/\/amaresidencesandalucia.com\/wp-content\/uploads\/2022\/03\/dusk-atardecer-huelva-800x525.jpg 800w, https:\/\/amaresidencesandalucia.com\/wp-content\/uploads\/2022\/03\/dusk-atardecer-huelva.jpg 900w\" sizes=\"(max-width: 800px) 100vw, 600px\" \/><\/span><\/div><\/div><\/div><div class=\"fusion-clearfix\"><\/div><\/div><\/div><\/div><\/div><div class=\"fusion-fullwidth fullwidth-box fusion-builder-row-2 nonhundred-percent-fullwidth non-hundred-percent-height-scrolling fusion-equal-height-columns\" style=\"--awb-border-radius-top-left:0px;--awb-border-radius-top-right:0px;--awb-border-radius-bottom-right:0px;--awb-border-radius-bottom-left:0px;--awb-flex-wrap:wrap;\" ><div class=\"fusion-builder-row fusion-row\"><div class=\"fusion-layout-column fusion_builder_column fusion-builder-column-3 fusion_builder_column_1_1 1_1 fusion-one-full fusion-column-first fusion-column-last\" style=\"--awb-bg-size:cover;\"><div class=\"fusion-column-wrapper fusion-column-has-shadow fusion-flex-column-wrapper-legacy\"><div class=\"fusion-column-content-centered\"><div class=\"fusion-column-content\"><div class=\"fusion-text fusion-text-3\" style=\"--awb-text-transform:none;\"><p>La <strong>Costa de la Luz<\/strong> encuentra en su denominaci\u00f3n su mayor atractivo y es que disfrutar de m\u00e1s de <strong>3500 horas de sol al a\u00f1o<\/strong> es un verdadero lujo. No s\u00f3lo porque permite aprovechar m\u00e1s los d\u00edas y disfrutar de actividades al aire libre sino porque su luz hace que sepamos apreciar la belleza de algunos rincones con mayor intensidad como puede ocurrir con los paisajes de costa o de la sierra.<\/p>\n<\/div><\/div><\/div><div class=\"fusion-clearfix\"><\/div><\/div><\/div><div class=\"fusion-layout-column fusion_builder_column fusion-builder-column-4 fusion_builder_column_1_3 1_3 fusion-one-third fusion-column-first\" style=\"--awb-bg-size:cover;width:33.333333333333%;width:calc(33.333333333333% - ( ( 4% + 4% ) * 0.33333333333333 ) );margin-right: 4%;\"><div class=\"fusion-column-wrapper fusion-column-has-shadow fusion-flex-column-wrapper-legacy\"><div class=\"fusion-column-content-centered\"><div class=\"fusion-column-content\"><div class=\"fusion-image-element in-legacy-container\" style=\"--awb-caption-title-font-family:var(--h2_typography-font-family);--awb-caption-title-font-weight:var(--h2_typography-font-weight);--awb-caption-title-font-style:var(--h2_typography-font-style);--awb-caption-title-size:var(--h2_typography-font-size);--awb-caption-title-transform:var(--h2_typography-text-transform);--awb-caption-title-line-height:var(--h2_typography-line-height);--awb-caption-title-letter-spacing:var(--h2_typography-letter-spacing);\"><span class=\" fusion-imageframe imageframe-none imageframe-3 hover-type-none\"><img decoding=\"async\" width=\"900\" height=\"595\" title=\"piscinas-instalaciones-ama-residence-spain\" src=\"https:\/\/amaresidencesandalucia.com\/wp-content\/uploads\/2022\/03\/piscinas-instalaciones-ama-residence-spain.jpg\" alt class=\"img-responsive wp-image-4575\" srcset=\"https:\/\/amaresidencesandalucia.com\/wp-content\/uploads\/2022\/03\/piscinas-instalaciones-ama-residence-spain-200x132.jpg 200w, https:\/\/amaresidencesandalucia.com\/wp-content\/uploads\/2022\/03\/piscinas-instalaciones-ama-residence-spain-400x264.jpg 400w, https:\/\/amaresidencesandalucia.com\/wp-content\/uploads\/2022\/03\/piscinas-instalaciones-ama-residence-spain-600x397.jpg 600w, https:\/\/amaresidencesandalucia.com\/wp-content\/uploads\/2022\/03\/piscinas-instalaciones-ama-residence-spain-800x529.jpg 800w, https:\/\/amaresidencesandalucia.com\/wp-content\/uploads\/2022\/03\/piscinas-instalaciones-ama-residence-spain.jpg 900w\" sizes=\"(max-width: 800px) 100vw, 400px\" \/><\/span><\/div><\/div><\/div><div class=\"fusion-clearfix\"><\/div><\/div><\/div><div class=\"fusion-layout-column fusion_builder_column fusion-builder-column-5 fusion_builder_column_1_3 1_3 fusion-one-third\" style=\"--awb-bg-size:cover;width:33.333333333333%;width:calc(33.333333333333% - ( ( 4% + 4% ) * 0.33333333333333 ) );margin-right: 4%;\"><div class=\"fusion-column-wrapper fusion-column-has-shadow fusion-flex-column-wrapper-legacy\"><div class=\"fusion-column-content-centered\"><div class=\"fusion-column-content\"><div class=\"fusion-image-element in-legacy-container\" style=\"--awb-caption-title-font-family:var(--h2_typography-font-family);--awb-caption-title-font-weight:var(--h2_typography-font-weight);--awb-caption-title-font-style:var(--h2_typography-font-style);--awb-caption-title-size:var(--h2_typography-font-size);--awb-caption-title-transform:var(--h2_typography-text-transform);--awb-caption-title-line-height:var(--h2_typography-line-height);--awb-caption-title-letter-spacing:var(--h2_typography-letter-spacing);\"><span class=\" fusion-imageframe imageframe-none imageframe-4 hover-type-none\"><img decoding=\"async\" width=\"900\" height=\"584\" title=\"sol-atardece-villas-ama-residence-spain\" src=\"https:\/\/amaresidencesandalucia.com\/wp-content\/uploads\/2022\/03\/sol-atardece-villas-ama-residence-spain.jpg\" alt class=\"img-responsive wp-image-4584\" srcset=\"https:\/\/amaresidencesandalucia.com\/wp-content\/uploads\/2022\/03\/sol-atardece-villas-ama-residence-spain-200x130.jpg 200w, https:\/\/amaresidencesandalucia.com\/wp-content\/uploads\/2022\/03\/sol-atardece-villas-ama-residence-spain-400x260.jpg 400w, https:\/\/amaresidencesandalucia.com\/wp-content\/uploads\/2022\/03\/sol-atardece-villas-ama-residence-spain-600x389.jpg 600w, https:\/\/amaresidencesandalucia.com\/wp-content\/uploads\/2022\/03\/sol-atardece-villas-ama-residence-spain-800x519.jpg 800w, https:\/\/amaresidencesandalucia.com\/wp-content\/uploads\/2022\/03\/sol-atardece-villas-ama-residence-spain.jpg 900w\" sizes=\"(max-width: 800px) 100vw, 400px\" \/><\/span><\/div><\/div><\/div><div class=\"fusion-clearfix\"><\/div><\/div><\/div><div class=\"fusion-layout-column fusion_builder_column fusion-builder-column-6 fusion_builder_column_1_3 1_3 fusion-one-third fusion-column-last\" style=\"--awb-bg-size:cover;width:33.333333333333%;width:calc(33.333333333333% - ( ( 4% + 4% ) * 0.33333333333333 ) );\"><div class=\"fusion-column-wrapper fusion-column-has-shadow fusion-flex-column-wrapper-legacy\"><div class=\"fusion-column-content-centered\"><div class=\"fusion-column-content\"><div class=\"fusion-image-element in-legacy-container\" style=\"--awb-caption-title-font-family:var(--h2_typography-font-family);--awb-caption-title-font-weight:var(--h2_typography-font-weight);--awb-caption-title-font-style:var(--h2_typography-font-style);--awb-caption-title-size:var(--h2_typography-font-size);--awb-caption-title-transform:var(--h2_typography-text-transform);--awb-caption-title-line-height:var(--h2_typography-line-height);--awb-caption-title-letter-spacing:var(--h2_typography-letter-spacing);\"><span class=\" fusion-imageframe imageframe-none imageframe-5 hover-type-none\"><img decoding=\"async\" width=\"900\" height=\"595\" title=\"ride-caballo-ama-residence-\" src=\"https:\/\/amaresidencesandalucia.com\/wp-content\/uploads\/2022\/03\/ride-caballo-ama-residence-.jpg\" alt class=\"img-responsive wp-image-4581\" srcset=\"https:\/\/amaresidencesandalucia.com\/wp-content\/uploads\/2022\/03\/ride-caballo-ama-residence--200x132.jpg 200w, https:\/\/amaresidencesandalucia.com\/wp-content\/uploads\/2022\/03\/ride-caballo-ama-residence--400x264.jpg 400w, https:\/\/amaresidencesandalucia.com\/wp-content\/uploads\/2022\/03\/ride-caballo-ama-residence--600x397.jpg 600w, https:\/\/amaresidencesandalucia.com\/wp-content\/uploads\/2022\/03\/ride-caballo-ama-residence--800x529.jpg 800w, https:\/\/amaresidencesandalucia.com\/wp-content\/uploads\/2022\/03\/ride-caballo-ama-residence-.jpg 900w\" sizes=\"(max-width: 800px) 100vw, 400px\" \/><\/span><\/div><\/div><\/div><div class=\"fusion-clearfix\"><\/div><\/div><\/div><\/div><\/div><div class=\"fusion-fullwidth fullwidth-box fusion-builder-row-3 fusion-flex-container nonhundred-percent-fullwidth non-hundred-percent-height-scrolling\" style=\"--awb-border-radius-top-left:0px;--awb-border-radius-top-right:0px;--awb-border-radius-bottom-right:0px;--awb-border-radius-bottom-left:0px;--awb-margin-top:4%;--awb-margin-bottom:4%;--awb-flex-wrap:wrap;\" ><div class=\"fusion-builder-row fusion-row fusion-flex-align-items-flex-start fusion-flex-content-wrap\" style=\"max-width:1216.8px;margin-left: calc(-4% \/ 2 );margin-right: calc(-4% \/ 2 );\"><div class=\"fusion-layout-column fusion_builder_column fusion-builder-column-7 fusion_builder_column_1_1 1_1 fusion-flex-column\" style=\"--awb-bg-size:cover;--awb-width-large:100%;--awb-margin-top-large:0px;--awb-spacing-right-large:1.92%;--awb-margin-bottom-large:0px;--awb-spacing-left-large:1.92%;--awb-width-medium:100%;--awb-order-medium:0;--awb-spacing-right-medium:1.92%;--awb-spacing-left-medium:1.92%;--awb-width-small:100%;--awb-order-small:0;--awb-spacing-right-small:1.92%;--awb-spacing-left-small:1.92%;\"><div class=\"fusion-column-wrapper fusion-column-has-shadow fusion-flex-justify-content-flex-start fusion-content-layout-column\"><div class=\"fusion-text fusion-text-4\" style=\"--awb-text-transform:none;\"><p>Los que viven o visitan Huelva saben que tiene amaneceres y atardeceres dif\u00edciles de olvidar.<\/p>\n<p>Otro a\u00f1o m\u00e1s <strong>Huelva<\/strong> vuelve a aparecer como la <strong>ciudad m\u00e1s soleada de Espa\u00f1a<\/strong> superando a otras como Las Palmas o Santa Cruz. Sus 3.527 horas de sol al a\u00f1o, una cifra que va en aumento en los \u00faltimos a\u00f1os, doblando incluso las de otras ciudades como Bilbao o Gij\u00f3n.<\/p>\n<p>Seg\u00fan recoge el informe llevado a cabo en 2006 por el \u201cGrupo La Luz\u201d, esto se debe a que la provincia se encuentra aproximadamente entre los 37\u00ba y 38\u00ba de latitud, orientada hacia el sur, zona de m\u00e1xima exposici\u00f3n solar.<\/p>\n<p>Una luz que, adem\u00e1s, cuenta con una gran calidad debido a que Huelva se encuentra en el suroeste peninsular, en el extremo occidental de la cuenca mediterr\u00e1nea, en contacto con el Atl\u00e1ntico y pr\u00f3ximo al \u00e1mbito de influencia del desierto del Sahara. Esta posici\u00f3n influye en su clima mediterr\u00e1neo con influencias oce\u00e1nicas.<\/p>\n<h3>La Luz de Huelva medicina natural<\/h3>\n<ul>\n<li>No es nada nuevo que el sol y la luz natural son beneficiosos para la salud de los seres vivos. Algunos de estos beneficios a nivel f\u00edsico y mental son:<\/li>\n<li>Mejora el sue\u00f1o ya que la exposici\u00f3n a la luz solar hace que el cuerpo produzca m\u00e1s melatonina<\/li>\n<li>Sirve para combatir la depresi\u00f3n al aumentar la cantidad de serotonina<\/li>\n<li>Aumenta el rendimiento cognitivo y la productividad<\/li>\n<li>Mantiene los huesos fuertes y se reduce el n\u00famero de enfermedades autoinmunes al fomentar la producci\u00f3n de vitamina D<\/li>\n<li>Reduce la presi\u00f3n arterial y el riesgo de enfermedad cardiovascular<\/li>\n<li>Reduce el riesgo de miop\u00eda por lo que mejora la salud visual<\/li>\n<li>Favorece la vida al aire libre y la pr\u00e1ctica de ejercicio, disminuyendo as\u00ed el colesterol y la obesidad y alargando la esperanza de vida<\/li>\n<\/ul>\n<\/div><\/div><\/div><div class=\"fusion-layout-column fusion_builder_column fusion-builder-column-8 fusion_builder_column_1_3 1_3 fusion-flex-column\" style=\"--awb-bg-size:cover;--awb-width-large:33.333333333333%;--awb-margin-top-large:0px;--awb-spacing-right-large:5.76%;--awb-margin-bottom-large:0px;--awb-spacing-left-large:5.76%;--awb-width-medium:100%;--awb-order-medium:0;--awb-spacing-right-medium:1.92%;--awb-spacing-left-medium:1.92%;--awb-width-small:100%;--awb-order-small:0;--awb-spacing-right-small:1.92%;--awb-spacing-left-small:1.92%;\"><div class=\"fusion-column-wrapper fusion-column-has-shadow fusion-flex-justify-content-flex-start fusion-content-layout-column\"><div class=\"fusion-image-element\" style=\"text-align:center;--awb-caption-title-font-family:var(--h2_typography-font-family);--awb-caption-title-font-weight:var(--h2_typography-font-weight);--awb-caption-title-font-style:var(--h2_typography-font-style);--awb-caption-title-size:var(--h2_typography-font-size);--awb-caption-title-transform:var(--h2_typography-text-transform);--awb-caption-title-line-height:var(--h2_typography-line-height);--awb-caption-title-letter-spacing:var(--h2_typography-letter-spacing);\"><span class=\" fusion-imageframe imageframe-none imageframe-6 hover-type-none\"><img decoding=\"async\" width=\"900\" height=\"596\" title=\"golf-en-las-playas-huelva-ama\" src=\"https:\/\/amaresidencesandalucia.com\/wp-content\/uploads\/2022\/03\/golf-en-las-playas-huelva-ama.jpg\" alt class=\"img-responsive wp-image-4563\" srcset=\"https:\/\/amaresidencesandalucia.com\/wp-content\/uploads\/2022\/03\/golf-en-las-playas-huelva-ama-200x132.jpg 200w, https:\/\/amaresidencesandalucia.com\/wp-content\/uploads\/2022\/03\/golf-en-las-playas-huelva-ama-400x265.jpg 400w, https:\/\/amaresidencesandalucia.com\/wp-content\/uploads\/2022\/03\/golf-en-las-playas-huelva-ama-600x397.jpg 600w, https:\/\/amaresidencesandalucia.com\/wp-content\/uploads\/2022\/03\/golf-en-las-playas-huelva-ama-800x530.jpg 800w, https:\/\/amaresidencesandalucia.com\/wp-content\/uploads\/2022\/03\/golf-en-las-playas-huelva-ama.jpg 900w\" sizes=\"(max-width: 1024px) 100vw, (max-width: 640px) 100vw, 400px\" \/><\/span><\/div><\/div><\/div><div class=\"fusion-layout-column fusion_builder_column fusion-builder-column-9 fusion_builder_column_1_3 1_3 fusion-flex-column\" style=\"--awb-bg-size:cover;--awb-width-large:33.333333333333%;--awb-margin-top-large:0px;--awb-spacing-right-large:5.76%;--awb-margin-bottom-large:0px;--awb-spacing-left-large:5.76%;--awb-width-medium:100%;--awb-order-medium:0;--awb-spacing-right-medium:1.92%;--awb-spacing-left-medium:1.92%;--awb-width-small:100%;--awb-order-small:0;--awb-spacing-right-small:1.92%;--awb-spacing-left-small:1.92%;\"><div class=\"fusion-column-wrapper fusion-column-has-shadow fusion-flex-justify-content-flex-start fusion-content-layout-column\"><div class=\"fusion-image-element\" style=\"text-align:center;--awb-caption-title-font-family:var(--h2_typography-font-family);--awb-caption-title-font-weight:var(--h2_typography-font-weight);--awb-caption-title-font-style:var(--h2_typography-font-style);--awb-caption-title-size:var(--h2_typography-font-size);--awb-caption-title-transform:var(--h2_typography-text-transform);--awb-caption-title-line-height:var(--h2_typography-line-height);--awb-caption-title-letter-spacing:var(--h2_typography-letter-spacing);\"><span class=\" fusion-imageframe imageframe-none imageframe-7 hover-type-none\"><img decoding=\"async\" width=\"900\" height=\"512\" title=\"las-playas-de-huelva-sol-suun\" src=\"https:\/\/amaresidencesandalucia.com\/wp-content\/uploads\/2022\/03\/las-playas-de-huelva-sol-suun-1.jpeg\" alt class=\"img-responsive wp-image-4572\" srcset=\"https:\/\/amaresidencesandalucia.com\/wp-content\/uploads\/2022\/03\/las-playas-de-huelva-sol-suun-1-200x114.jpeg 200w, https:\/\/amaresidencesandalucia.com\/wp-content\/uploads\/2022\/03\/las-playas-de-huelva-sol-suun-1-400x228.jpeg 400w, https:\/\/amaresidencesandalucia.com\/wp-content\/uploads\/2022\/03\/las-playas-de-huelva-sol-suun-1-600x341.jpeg 600w, https:\/\/amaresidencesandalucia.com\/wp-content\/uploads\/2022\/03\/las-playas-de-huelva-sol-suun-1-800x455.jpeg 800w, https:\/\/amaresidencesandalucia.com\/wp-content\/uploads\/2022\/03\/las-playas-de-huelva-sol-suun-1.jpeg 900w\" sizes=\"(max-width: 1024px) 100vw, (max-width: 640px) 100vw, 400px\" \/><\/span><\/div><\/div><\/div><div class=\"fusion-layout-column fusion_builder_column fusion-builder-column-10 fusion_builder_column_1_3 1_3 fusion-flex-column\" style=\"--awb-bg-size:cover;--awb-width-large:33.333333333333%;--awb-margin-top-large:0px;--awb-spacing-right-large:5.76%;--awb-margin-bottom-large:0px;--awb-spacing-left-large:5.76%;--awb-width-medium:100%;--awb-order-medium:0;--awb-spacing-right-medium:1.92%;--awb-spacing-left-medium:1.92%;--awb-width-small:100%;--awb-order-small:0;--awb-spacing-right-small:1.92%;--awb-spacing-left-small:1.92%;\"><div class=\"fusion-column-wrapper fusion-column-has-shadow fusion-flex-justify-content-flex-start fusion-content-layout-column\"><div class=\"fusion-image-element\" style=\"text-align:center;--awb-caption-title-font-family:var(--h2_typography-font-family);--awb-caption-title-font-weight:var(--h2_typography-font-weight);--awb-caption-title-font-style:var(--h2_typography-font-style);--awb-caption-title-size:var(--h2_typography-font-size);--awb-caption-title-transform:var(--h2_typography-text-transform);--awb-caption-title-line-height:var(--h2_typography-line-height);--awb-caption-title-letter-spacing:var(--h2_typography-letter-spacing);\"><span class=\" fusion-imageframe imageframe-none imageframe-8 hover-type-none\"><img decoding=\"async\" width=\"900\" height=\"591\" title=\"kitesurf-deporte-huelva\" src=\"https:\/\/amaresidencesandalucia.com\/wp-content\/uploads\/2022\/03\/kitesurf-deporte-huelva.jpg\" alt class=\"img-responsive wp-image-4569\" srcset=\"https:\/\/amaresidencesandalucia.com\/wp-content\/uploads\/2022\/03\/kitesurf-deporte-huelva-200x131.jpg 200w, https:\/\/amaresidencesandalucia.com\/wp-content\/uploads\/2022\/03\/kitesurf-deporte-huelva-400x263.jpg 400w, https:\/\/amaresidencesandalucia.com\/wp-content\/uploads\/2022\/03\/kitesurf-deporte-huelva-600x394.jpg 600w, https:\/\/amaresidencesandalucia.com\/wp-content\/uploads\/2022\/03\/kitesurf-deporte-huelva-800x525.jpg 800w, https:\/\/amaresidencesandalucia.com\/wp-content\/uploads\/2022\/03\/kitesurf-deporte-huelva.jpg 900w\" sizes=\"(max-width: 1024px) 100vw, (max-width: 640px) 100vw, 400px\" \/><\/span><\/div><\/div><\/div><\/div><\/div><div class=\"fusion-fullwidth fullwidth-box fusion-builder-row-4 fusion-flex-container nonhundred-percent-fullwidth non-hundred-percent-height-scrolling\" style=\"--awb-border-radius-top-left:0px;--awb-border-radius-top-right:0px;--awb-border-radius-bottom-right:0px;--awb-border-radius-bottom-left:0px;--awb-margin-top:4%;--awb-margin-bottom:4%;--awb-flex-wrap:wrap;\" ><div class=\"fusion-builder-row fusion-row fusion-flex-align-items-flex-start fusion-flex-content-wrap\" style=\"max-width:1216.8px;margin-left: calc(-4% \/ 2 );margin-right: calc(-4% \/ 2 );\"><div class=\"fusion-layout-column fusion_builder_column fusion-builder-column-11 fusion_builder_column_1_1 1_1 fusion-flex-column\" style=\"--awb-bg-size:cover;--awb-width-large:100%;--awb-margin-top-large:0px;--awb-spacing-right-large:1.92%;--awb-margin-bottom-large:0px;--awb-spacing-left-large:1.92%;--awb-width-medium:100%;--awb-order-medium:0;--awb-spacing-right-medium:1.92%;--awb-spacing-left-medium:1.92%;--awb-width-small:100%;--awb-order-small:0;--awb-spacing-right-small:1.92%;--awb-spacing-left-small:1.92%;\"><div class=\"fusion-column-wrapper fusion-column-has-shadow fusion-flex-justify-content-flex-start fusion-content-layout-column\"><div class=\"fusion-text fusion-text-5\" style=\"--awb-text-transform:none;\"><p>En los pa\u00edses del norte de Europa \u2013a quienes duplicamos o incluso en algunos casos llegamos a quintuplicar el n\u00famero medio de horas de sol mensual\u2013 se ha demostrado que en los meses de invierno aumentan el insomnio, la depresi\u00f3n y la sensaci\u00f3n de fatiga y cansancio con respecto al verano.<\/p>\n<\/div><\/div><\/div><div class=\"fusion-layout-column fusion_builder_column fusion-builder-column-12 fusion_builder_column_1_3 1_3 fusion-flex-column\" style=\"--awb-bg-size:cover;--awb-width-large:33.333333333333%;--awb-margin-top-large:0px;--awb-spacing-right-large:5.76%;--awb-margin-bottom-large:0px;--awb-spacing-left-large:5.76%;--awb-width-medium:100%;--awb-order-medium:0;--awb-spacing-right-medium:1.92%;--awb-spacing-left-medium:1.92%;--awb-width-small:100%;--awb-order-small:0;--awb-spacing-right-small:1.92%;--awb-spacing-left-small:1.92%;\"><div class=\"fusion-column-wrapper fusion-column-has-shadow fusion-flex-justify-content-flex-start fusion-content-layout-column\"><div class=\"fusion-image-element\" style=\"text-align:center;--awb-caption-title-font-family:var(--h2_typography-font-family);--awb-caption-title-font-weight:var(--h2_typography-font-weight);--awb-caption-title-font-style:var(--h2_typography-font-style);--awb-caption-title-size:var(--h2_typography-font-size);--awb-caption-title-transform:var(--h2_typography-text-transform);--awb-caption-title-line-height:var(--h2_typography-line-height);--awb-caption-title-letter-spacing:var(--h2_typography-letter-spacing);\"><span class=\" fusion-imageframe imageframe-none imageframe-9 hover-type-none\"><img decoding=\"async\" width=\"900\" height=\"592\" title=\"huelva-playa-atardecer-espana\" src=\"https:\/\/amaresidencesandalucia.com\/wp-content\/uploads\/2022\/03\/huelva-playa-atardecer-espana.jpg\" alt class=\"img-responsive wp-image-4566\" srcset=\"https:\/\/amaresidencesandalucia.com\/wp-content\/uploads\/2022\/03\/huelva-playa-atardecer-espana-200x132.jpg 200w, https:\/\/amaresidencesandalucia.com\/wp-content\/uploads\/2022\/03\/huelva-playa-atardecer-espana-400x263.jpg 400w, https:\/\/amaresidencesandalucia.com\/wp-content\/uploads\/2022\/03\/huelva-playa-atardecer-espana-600x395.jpg 600w, https:\/\/amaresidencesandalucia.com\/wp-content\/uploads\/2022\/03\/huelva-playa-atardecer-espana-800x526.jpg 800w, https:\/\/amaresidencesandalucia.com\/wp-content\/uploads\/2022\/03\/huelva-playa-atardecer-espana.jpg 900w\" sizes=\"(max-width: 1024px) 100vw, (max-width: 640px) 100vw, 400px\" \/><\/span><\/div><\/div><\/div><div class=\"fusion-layout-column fusion_builder_column fusion-builder-column-13 fusion_builder_column_1_3 1_3 fusion-flex-column\" style=\"--awb-bg-size:cover;--awb-width-large:33.333333333333%;--awb-margin-top-large:0px;--awb-spacing-right-large:5.76%;--awb-margin-bottom-large:0px;--awb-spacing-left-large:5.76%;--awb-width-medium:100%;--awb-order-medium:0;--awb-spacing-right-medium:1.92%;--awb-spacing-left-medium:1.92%;--awb-width-small:100%;--awb-order-small:0;--awb-spacing-right-small:1.92%;--awb-spacing-left-small:1.92%;\"><div class=\"fusion-column-wrapper fusion-column-has-shadow fusion-flex-justify-content-flex-start fusion-content-layout-column\"><div class=\"fusion-image-element\" style=\"text-align:center;--awb-caption-title-font-family:var(--h2_typography-font-family);--awb-caption-title-font-weight:var(--h2_typography-font-weight);--awb-caption-title-font-style:var(--h2_typography-font-style);--awb-caption-title-size:var(--h2_typography-font-size);--awb-caption-title-transform:var(--h2_typography-text-transform);--awb-caption-title-line-height:var(--h2_typography-line-height);--awb-caption-title-letter-spacing:var(--h2_typography-letter-spacing);\"><span class=\" fusion-imageframe imageframe-none imageframe-10 hover-type-none\"><img decoding=\"async\" width=\"900\" height=\"596\" title=\"ama-residence-villa-huelva-playa\" src=\"https:\/\/amaresidencesandalucia.com\/wp-content\/uploads\/2022\/03\/ama-residence-villa-huelva-playa.jpg\" alt class=\"img-responsive wp-image-4554\" srcset=\"https:\/\/amaresidencesandalucia.com\/wp-content\/uploads\/2022\/03\/ama-residence-villa-huelva-playa-200x132.jpg 200w, https:\/\/amaresidencesandalucia.com\/wp-content\/uploads\/2022\/03\/ama-residence-villa-huelva-playa-400x265.jpg 400w, https:\/\/amaresidencesandalucia.com\/wp-content\/uploads\/2022\/03\/ama-residence-villa-huelva-playa-600x397.jpg 600w, https:\/\/amaresidencesandalucia.com\/wp-content\/uploads\/2022\/03\/ama-residence-villa-huelva-playa-800x530.jpg 800w, https:\/\/amaresidencesandalucia.com\/wp-content\/uploads\/2022\/03\/ama-residence-villa-huelva-playa.jpg 900w\" sizes=\"(max-width: 1024px) 100vw, (max-width: 640px) 100vw, 400px\" \/><\/span><\/div><\/div><\/div><div class=\"fusion-layout-column fusion_builder_column fusion-builder-column-14 fusion_builder_column_1_3 1_3 fusion-flex-column\" style=\"--awb-bg-size:cover;--awb-width-large:33.333333333333%;--awb-margin-top-large:0px;--awb-spacing-right-large:5.76%;--awb-margin-bottom-large:0px;--awb-spacing-left-large:5.76%;--awb-width-medium:100%;--awb-order-medium:0;--awb-spacing-right-medium:1.92%;--awb-spacing-left-medium:1.92%;--awb-width-small:100%;--awb-order-small:0;--awb-spacing-right-small:1.92%;--awb-spacing-left-small:1.92%;\"><div class=\"fusion-column-wrapper fusion-column-has-shadow fusion-flex-justify-content-flex-start fusion-content-layout-column\"><div class=\"fusion-image-element\" style=\"text-align:center;--awb-caption-title-font-family:var(--h2_typography-font-family);--awb-caption-title-font-weight:var(--h2_typography-font-weight);--awb-caption-title-font-style:var(--h2_typography-font-style);--awb-caption-title-size:var(--h2_typography-font-size);--awb-caption-title-transform:var(--h2_typography-text-transform);--awb-caption-title-line-height:var(--h2_typography-line-height);--awb-caption-title-letter-spacing:var(--h2_typography-letter-spacing);\"><span class=\" fusion-imageframe imageframe-none imageframe-11 hover-type-none\"><img decoding=\"async\" width=\"900\" height=\"596\" title=\"campo-de-golf-ama-residence-huelva-\" src=\"https:\/\/amaresidencesandalucia.com\/wp-content\/uploads\/2022\/03\/campo-de-golf-ama-residence-huelva-.jpg\" alt class=\"img-responsive wp-image-4557\" srcset=\"https:\/\/amaresidencesandalucia.com\/wp-content\/uploads\/2022\/03\/campo-de-golf-ama-residence-huelva--200x132.jpg 200w, https:\/\/amaresidencesandalucia.com\/wp-content\/uploads\/2022\/03\/campo-de-golf-ama-residence-huelva--400x265.jpg 400w, https:\/\/amaresidencesandalucia.com\/wp-content\/uploads\/2022\/03\/campo-de-golf-ama-residence-huelva--600x397.jpg 600w, https:\/\/amaresidencesandalucia.com\/wp-content\/uploads\/2022\/03\/campo-de-golf-ama-residence-huelva--800x530.jpg 800w, https:\/\/amaresidencesandalucia.com\/wp-content\/uploads\/2022\/03\/campo-de-golf-ama-residence-huelva-.jpg 900w\" sizes=\"(max-width: 1024px) 100vw, (max-width: 640px) 100vw, 400px\" \/><\/span><\/div><\/div><\/div><\/div><\/div><div class=\"fusion-fullwidth fullwidth-box fusion-builder-row-5 fusion-flex-container nonhundred-percent-fullwidth non-hundred-percent-height-scrolling\" style=\"--awb-border-radius-top-left:0px;--awb-border-radius-top-right:0px;--awb-border-radius-bottom-right:0px;--awb-border-radius-bottom-left:0px;--awb-margin-top:4%;--awb-margin-bottom:4%;--awb-flex-wrap:wrap;\" ><div class=\"fusion-builder-row fusion-row fusion-flex-align-items-flex-start fusion-flex-content-wrap\" style=\"max-width:1216.8px;margin-left: calc(-4% \/ 2 );margin-right: calc(-4% \/ 2 );\"><div class=\"fusion-layout-column fusion_builder_column fusion-builder-column-15 fusion_builder_column_1_1 1_1 fusion-flex-column\" style=\"--awb-bg-size:cover;--awb-width-large:100%;--awb-margin-top-large:0px;--awb-spacing-right-large:1.92%;--awb-margin-bottom-large:0px;--awb-spacing-left-large:1.92%;--awb-width-medium:100%;--awb-order-medium:0;--awb-spacing-right-medium:1.92%;--awb-spacing-left-medium:1.92%;--awb-width-small:100%;--awb-order-small:0;--awb-spacing-right-small:1.92%;--awb-spacing-left-small:1.92%;\"><div class=\"fusion-column-wrapper fusion-column-has-shadow fusion-flex-justify-content-flex-start fusion-content-layout-column\"><div class=\"fusion-text fusion-text-6\" style=\"--awb-text-transform:none;\"><p>Y llegados a este punto podemos afirmar que las estad\u00edsticas est\u00e1n ah\u00ed, pero que lo mejor es experimentar, de ah\u00ed que le animemos a que venga a visitarnos y compruebe por s\u00ed mismo las ventajas de vivir en la Costa de la Luz y en particular en <strong>AMA Residences Andaluc\u00eda<\/strong> donde muchos holandeses han establecido su residencia. \u00bfSe puede imaginar por qu\u00e9?<\/p>\n<\/div><\/div><\/div><\/div><\/div><\/p>\n","protected":false},"excerpt":{"rendered":"","protected":false},"author":1,"featured_media":4578,"comment_status":"open","ping_status":"open","sticky":false,"template":"","format":"standard","meta":{"fifu_image_url":"","fifu_image_alt":"","_joinchat":[],"footnotes":"","_members_access_role":[],"_members_access_error":""},"categories":[55,61],"tags":[],"class_list":["post-4545","post","type-post","status-publish","format-standard","has-post-thumbnail","hentry","category-actividades","category-culture-es"],"_links":{"self":[{"href":"https:\/\/amaresidencesandalucia.com\/es\/wp-json\/wp\/v2\/posts\/4545","targetHints":{"allow":["GET"]}}],"collection":[{"href":"https:\/\/amaresidencesandalucia.com\/es\/wp-json\/wp\/v2\/posts"}],"about":[{"href":"https:\/\/amaresidencesandalucia.com\/es\/wp-json\/wp\/v2\/types\/post"}],"author":[{"embeddable":true,"href":"https:\/\/amaresidencesandalucia.com\/es\/wp-json\/wp\/v2\/users\/1"}],"replies":[{"embeddable":true,"href":"https:\/\/amaresidencesandalucia.com\/es\/wp-json\/wp\/v2\/comments?post=4545"}],"version-history":[{"count":3,"href":"https:\/\/amaresidencesandalucia.com\/es\/wp-json\/wp\/v2\/posts\/4545\/revisions"}],"predecessor-version":[{"id":4596,"href":"https:\/\/amaresidencesandalucia.com\/es\/wp-json\/wp\/v2\/posts\/4545\/revisions\/4596"}],"wp:featuredmedia":[{"embeddable":true,"href":"https:\/\/amaresidencesandalucia.com\/es\/wp-json\/wp\/v2\/media\/4578"}],"wp:attachment":[{"href":"https:\/\/amaresidencesandalucia.com\/es\/wp-json\/wp\/v2\/media?parent=4545"}],"wp:term":[{"taxonomy":"category","embeddable":true,"href":"https:\/\/amaresidencesandalucia.com\/es\/wp-json\/wp\/v2\/categories?post=4545"},{"taxonomy":"post_tag","embeddable":true,"href":"https:\/\/amaresidencesandalucia.com\/es\/wp-json\/wp\/v2\/tags?post=4545"}],"curies":[{"name":"wp","href":"https:\/\/api.w.org\/{rel}","templated":true}]}}